{"id":1882,"date":"2019-03-05T14:37:19","date_gmt":"2019-03-05T14:37:19","guid":{"rendered":"http:\/\/www.radiopresidenteibanez.cl\/web\/?p=1882"},"modified":"2019-03-05T14:38:02","modified_gmt":"2019-03-05T14:38:02","slug":"municipio-de-cabo-de-hornos-firma-convenio-con-empresa-de-reciclaje-que-busca-sacar-los-vidrios-de-la-isla-navarino","status":"publish","type":"post","link":"https:\/\/www.radiopresidenteibanez.cl\/web\/municipio-de-cabo-de-hornos-firma-convenio-con-empresa-de-reciclaje-que-busca-sacar-los-vidrios-de-la-isla-navarino\/","title":{"rendered":"MUNICIPIO DE CABO DE HORNOS FIRMA CONVENIO CON EMPRESA DE RECICLAJE QUE BUSCA SACAR LOS VIDRIOS DE LA ISLA NAVARINO"},"content":{"rendered":"\n<p>Buscando proteger a Puerto Williams como reserva mundial de la Bi\u00f3sfera nombrada por la Unesco, el Municipio de Cabo de Hornos y la empresa magall\u00e1nica RECIPAT, firmaron un convenio mantener de forma continua un servicio de reciclaje que permitir\u00e1 sacar los residuos de forma semestral.<\/p>\n\n\n\n<p><br> Patricio Fern\u00e1ndez, Alcalde de Cabo de Hornos, se mostr\u00f3 satisfecho con la iniciativa, manifestando que \u201cestamos muy contentos como comunidad, es algo anhelado por todos. Hoy la necesidad es Williams es prioritaria, manteniendo el concepto de comuna verde que lo hemos estado manifestando hace bastante tiempo\u201d.<\/p>\n\n\n\n<p><br> \u201cQueremos comprometer a la comunidad a seguir educ\u00e1ndose y buscaremos los recursos para poder trasladar estos residuos a RECIPAT en Punta Arenas\u201d, asegur\u00f3 la autoridad comunal.<\/p>\n\n\n\n<p><br> En tanto, Lisette Salles, representante de RECIPAT explic\u00f3 la forma de operativizar el convenio, explicando que \u201cla Municipalidad se har\u00e1 cargo del traslado de la isla hasta Punta Arenas, nosotros pondremos nuestros camiones para que vaya hasta tres puentes, vaci\u00e1ndolos en 24 horas para que puedan retornar\u201d.  <\/p>\n\n\n\n<p><br> El convenio incluye un cronograma de educaci\u00f3n ambiental, que busca la comunidad entienda de manera efectiva lo que implica el reciclaje. \u201cEl residuo enterrado, en este caso el pl\u00e1stico, es tan da\u00f1ino como el petr\u00f3leo que cae en el mar, por eso tenemos que evitar que a los vertederos no llegue ese tipo de material\u201d, sentenci\u00f3 Salles.<\/p>\n","protected":false},"excerpt":{"rendered":"<p>Buscando proteger a Puerto Williams como reserva mundial de la Bi\u00f3sfera nombrada por la Unesco, el Municipio de Cabo de Hornos y la empresa magall\u00e1nica RECIPAT, firmaron un convenio mantener&#8230; <a class=\"read-more\" href=\"https:\/\/www.radiopresidenteibanez.cl\/web\/municipio-de-cabo-de-hornos-firma-convenio-con-empresa-de-reciclaje-que-busca-sacar-los-vidrios-de-la-isla-navarino\/\">Leer m\u00e1s<\/a><\/p>\n","protected":false},"author":2,"featured_media":1883,"comment_status":"closed","ping_status":"closed","sticky":false,"template":"","format":"standard","meta":{"footnotes":""},"categories":[1],"tags":[],"class_list":["post-1882","post","type-post","status-publish","format-standard","has-post-thumbnail","hentry","category-cronica"],"_links":{"self":[{"href":"https:\/\/www.radiopresidenteibanez.cl\/web\/wp-json\/wp\/v2\/posts\/1882","targetHints":{"allow":["GET"]}}],"collection":[{"href":"https:\/\/www.radiopresidenteibanez.cl\/web\/wp-json\/wp\/v2\/posts"}],"about":[{"href":"https:\/\/www.radiopresidenteibanez.cl\/web\/wp-json\/wp\/v2\/types\/post"}],"author":[{"embeddable":true,"href":"https:\/\/www.radiopresidenteibanez.cl\/web\/wp-json\/wp\/v2\/users\/2"}],"replies":[{"embeddable":true,"href":"https:\/\/www.radiopresidenteibanez.cl\/web\/wp-json\/wp\/v2\/comments?post=1882"}],"version-history":[{"count":0,"href":"https:\/\/www.radiopresidenteibanez.cl\/web\/wp-json\/wp\/v2\/posts\/1882\/revisions"}],"wp:featuredmedia":[{"embeddable":true,"href":"https:\/\/www.radiopresidenteibanez.cl\/web\/wp-json\/wp\/v2\/media\/1883"}],"wp:attachment":[{"href":"https:\/\/www.radiopresidenteibanez.cl\/web\/wp-json\/wp\/v2\/media?parent=1882"}],"wp:term":[{"taxonomy":"category","embeddable":true,"href":"https:\/\/www.radiopresidenteibanez.cl\/web\/wp-json\/wp\/v2\/categories?post=1882"},{"taxonomy":"post_tag","embeddable":true,"href":"https:\/\/www.radiopresidenteibanez.cl\/web\/wp-json\/wp\/v2\/tags?post=1882"}],"curies":[{"name":"wp","href":"https:\/\/api.w.org\/{rel}","templated":true}]}}