{"id":18819,"date":"2021-02-26T02:00:00","date_gmt":"2021-02-26T02:00:00","guid":{"rendered":"https:\/\/www.radiopresidenteibanez.cl\/web\/?p=18819"},"modified":"2021-02-25T14:28:16","modified_gmt":"2021-02-25T14:28:16","slug":"core-respaldo-concesion-de-historico-edificio-para-construccion-de-biblioteca-y-archivo-regional-y-solicito-que-inmueble-forme-parte-del-patrimonio-del-gobierno-regional","status":"publish","type":"post","link":"https:\/\/www.radiopresidenteibanez.cl\/web\/core-respaldo-concesion-de-historico-edificio-para-construccion-de-biblioteca-y-archivo-regional-y-solicito-que-inmueble-forme-parte-del-patrimonio-del-gobierno-regional\/","title":{"rendered":"CORE RESPALD\u00d3 CONCESI\u00d3N DE HIST\u00d3RICO EDIFICIO PARA CONSTRUCCI\u00d3N DE BIBLIOTECA Y ARCHIVO REGIONAL Y SOLICIT\u00d3 QUE INMUEBLE FORME PARTE DEL PATRIMONIO DEL GOBIERNO REGIONAL"},"content":{"rendered":"\n<p>Por unanimidad el Consejo Regional\nde Magallanes y de la Ant\u00e1rtica Chilena se pronunci\u00f3 favorablemente ante la\nsolicitud de uso gratuito\npor un per\u00edodo de cinco a\u00f1os, del inmueble fiscal ubicado en calle Waldo Seguel\nN\u00b0 607- 608, presentada por el Ministerio de las Culturas, Las Artes y el\nPatrimonio. En este hist\u00f3rico edificio que constituy\u00f3 el ex Centro\nPenitenciario de Punta Arenas y m\u00e1s tarde alberg\u00f3 al personal de Gendarmer\u00eda,\nse contempla el proyecto Habilitaci\u00f3n y Construcci\u00f3n de la Biblioteca y Archivo\nde Magallanes.<\/p>\n\n\n\n<p>Seg\u00fan detalla la moci\u00f3n aprobada \u201cEste\npronunciamiento se condiciona a la voluntad de este Consejo Regional que estos\ninmuebles sean transferidos en propiedad al patrimonio del Gobierno Regional,\nello en conformidad al procedimiento establecido en la letra h del art\u00edculo 70\nde la Ley N\u00ba19.175, Org\u00e1nica Constitucional de Gobierno y Administraci\u00f3n\nRegional, y que, b\u00e1sicamente, consiste en que el GORE y el CORE, en la\noportunidad que establece la referida norma, solicitar\u00e1n al Ministerio del Interior\nla transferencia de dominio. La eventual solicitud de renovaci\u00f3n de un nuevo\nplazo de uso gratuito de estos bienes, se resolver\u00e1 teniendo en consideraci\u00f3n\nla voluntad manifestada por el Consejo Regional. Se fundamenta esta condici\u00f3n\nen el hecho que el financiamiento del proyecto que se ejecutar\u00e1 en dichos\ninmuebles, considera importantes recursos regionales y tambi\u00e9n en el valor\npatrimonial e hist\u00f3rico que representan para la regi\u00f3n de Magallanes y de la\nAnt\u00e1rtica Chilena, favoreciendo as\u00ed, su continuidad administrativa a nivel\nlocal\u201d. <\/p>\n\n\n\n<p>El presidente de la comisi\u00f3n Infraestructura, Miguel\nSierpe, coment\u00f3 \u201caprobamos una moci\u00f3n propuesta por la Intendenta\ny solicitada por Bienes Nacionales, respecto a la entrega en concesi\u00f3n por\ncinco a\u00f1os del inmueble de la ex c\u00e1rcel de Punta Arenas. En ese edificio se albergar\u00e1\nla Biblioteca y Archivo Regional y una serie de organizaciones del ministerio\nde las Culturas y las Artes. Es un proyecto del orden de los quince mil\nmillones de pesos de los cuales el cincuenta por ciento est\u00e1 siendo solicitado\nal Gobierno Regional. En esa consideraci\u00f3n, he propuesto generar las condiciones\npara que una vez desarrollado el proyecto sea solicitado como patrimonio del Gobierno\nRegional al ministerio de Interior, lo cual fue respaldado de manera un\u00e1nime\npor el Consejo. Creo que es absolutamente inconsecuente que en tiempos de\ndescentralizaci\u00f3n, el Gobierno Regional construya edificios para los ministerios,\nm\u00e1s aun trat\u00e1ndose de un inmueble que ser\u00e1 emblem\u00e1tico para Magallanes por\ntanto debiese ser de la regi\u00f3n y podr\u00edamos concesionarlo. El patrimonio debe\nmantenerse\u201d, insisti\u00f3 el consejero Sierpe. <\/p>\n\n\n\n<p>Asimismo el presidente del\nCORE. Tolentino Soto, valor\u00f3 el acuerdo de esta concesi\u00f3n por cinco a\u00f1os en los\nt\u00e9rminos que se hizo. \u201cSe trata del traspaso al ministerio de las Culturas y\nlas Artes para la construcci\u00f3n del proyecto Biblioteca y Archivo Regional, lo\nimportante es que esta aprobaci\u00f3n est\u00e1 sujeta a que posteriormente el nuevo\nConsejo Regional haga hincapi\u00e9 en que debiese ser patrimonio del Gobierno Regional.\nHoy los Gobiernos Regionales est\u00e1n teniendo una mirada distinta producto del\nproceso de descentralizaci\u00f3n y es bueno que cuenten con su patrimonio y no sean\nmeros facturadores de infraestructura p\u00fablica que se entrega a otras instituciones,\nde la cual m\u00e1s tarde no se tiene control\u201d, concluy\u00f3 el consejero regional. <\/p>\n","protected":false},"excerpt":{"rendered":"<p>Por unanimidad el Consejo Regional de Magallanes y de la Ant\u00e1rtica Chilena se pronunci\u00f3 favorablemente ante la solicitud de uso gratuito por un per\u00edodo de cinco a\u00f1os, del inmueble fiscal&#8230; <a class=\"read-more\" href=\"https:\/\/www.radiopresidenteibanez.cl\/web\/core-respaldo-concesion-de-historico-edificio-para-construccion-de-biblioteca-y-archivo-regional-y-solicito-que-inmueble-forme-parte-del-patrimonio-del-gobierno-regional\/\">Leer m\u00e1s<\/a><\/p>\n","protected":false},"author":2,"featured_media":18820,"comment_status":"closed","ping_status":"closed","sticky":false,"template":"","format":"standard","meta":{"footnotes":""},"categories":[1],"tags":[],"class_list":["post-18819","post","type-post","status-publish","format-standard","has-post-thumbnail","hentry","category-cronica"],"_links":{"self":[{"href":"https:\/\/www.radiopresidenteibanez.cl\/web\/wp-json\/wp\/v2\/posts\/18819","targetHints":{"allow":["GET"]}}],"collection":[{"href":"https:\/\/www.radiopresidenteibanez.cl\/web\/wp-json\/wp\/v2\/posts"}],"about":[{"href":"https:\/\/www.radiopresidenteibanez.cl\/web\/wp-json\/wp\/v2\/types\/post"}],"author":[{"embeddable":true,"href":"https:\/\/www.radiopresidenteibanez.cl\/web\/wp-json\/wp\/v2\/users\/2"}],"replies":[{"embeddable":true,"href":"https:\/\/www.radiopresidenteibanez.cl\/web\/wp-json\/wp\/v2\/comments?post=18819"}],"version-history":[{"count":0,"href":"https:\/\/www.radiopresidenteibanez.cl\/web\/wp-json\/wp\/v2\/posts\/18819\/revisions"}],"wp:featuredmedia":[{"embeddable":true,"href":"https:\/\/www.radiopresidenteibanez.cl\/web\/wp-json\/wp\/v2\/media\/18820"}],"wp:attachment":[{"href":"https:\/\/www.radiopresidenteibanez.cl\/web\/wp-json\/wp\/v2\/media?parent=18819"}],"wp:term":[{"taxonomy":"category","embeddable":true,"href":"https:\/\/www.radiopresidenteibanez.cl\/web\/wp-json\/wp\/v2\/categories?post=18819"},{"taxonomy":"post_tag","embeddable":true,"href":"https:\/\/www.radiopresidenteibanez.cl\/web\/wp-json\/wp\/v2\/tags?post=18819"}],"curies":[{"name":"wp","href":"https:\/\/api.w.org\/{rel}","templated":true}]}}