{"id":18815,"date":"2021-02-25T00:54:49","date_gmt":"2021-02-25T00:54:49","guid":{"rendered":"https:\/\/www.radiopresidenteibanez.cl\/web\/?p=18815"},"modified":"2021-02-25T00:54:55","modified_gmt":"2021-02-25T00:54:55","slug":"sujeto-que-agredio-con-golpes-y-con-una-taza-quebrada-a-su-ex-pareja-fue-condenado-en-juicio-oral","status":"publish","type":"post","link":"https:\/\/www.radiopresidenteibanez.cl\/web\/sujeto-que-agredio-con-golpes-y-con-una-taza-quebrada-a-su-ex-pareja-fue-condenado-en-juicio-oral\/","title":{"rendered":"SUJETO QUE AGREDI\u00d3 CON GOLPES Y CON UNA TAZA QUEBRADA A SU EX PAREJA FUE CONDENADO EN JUICIO ORAL"},"content":{"rendered":"\n<p>Como autor del delito de lesiones graves, en\ncontexto de violencia intrafamiliar, hoy, L.D.E. M., fue condenado, en juicio\noral, a 3 a\u00f1os y un d\u00eda de presidio, con el beneficio de la libertad vigilada\nintensiva por no contar con antecedentes penales anteriores. Asimismo se le\nprohibi\u00f3 acercarse a la v\u00edctima por el plazo de dos a\u00f1os. <\/p>\n\n\n\n<p>Cabe recordar que durante\nel juicio, efectuado la semana pasada, la fiscal Romina Moscoso, con la\nespecialidad en causas VIF y de g\u00e9nero, prob\u00f3, ante el Tribunal Oral en lo\nPenal el hecho delictual, perpetrado el d\u00eda 22 de noviembre\ndel a\u00f1o 2019, en horas de la tarde, cuando el acusado agredi\u00f3 f\u00edsicamente a quien era su conviviente, d\u00e1ndole golpes con la mano en la cara y luego con\nuna taza quebrada realiz\u00e1ndole cortes, resultando con una herida complicada en el dedo medio de\nmano derecha, lesi\u00f3n en tend\u00f3n extensor,\ns\u00edndrome de dolor regional complejo, asimismo contusi\u00f3n costal y de rodilla.<\/p>\n","protected":false},"excerpt":{"rendered":"<p>Como autor del delito de lesiones graves, en contexto de violencia intrafamiliar, hoy, L.D.E. M., fue condenado, en juicio oral, a 3 a\u00f1os y un d\u00eda de presidio, con el&#8230; <a class=\"read-more\" href=\"https:\/\/www.radiopresidenteibanez.cl\/web\/sujeto-que-agredio-con-golpes-y-con-una-taza-quebrada-a-su-ex-pareja-fue-condenado-en-juicio-oral\/\">Leer m\u00e1s<\/a><\/p>\n","protected":false},"author":2,"featured_media":740,"comment_status":"closed","ping_status":"closed","sticky":false,"template":"","format":"standard","meta":{"footnotes":""},"categories":[1],"tags":[],"class_list":["post-18815","post","type-post","status-publish","format-standard","has-post-thumbnail","hentry","category-cronica"],"_links":{"self":[{"href":"https:\/\/www.radiopresidenteibanez.cl\/web\/wp-json\/wp\/v2\/posts\/18815","targetHints":{"allow":["GET"]}}],"collection":[{"href":"https:\/\/www.radiopresidenteibanez.cl\/web\/wp-json\/wp\/v2\/posts"}],"about":[{"href":"https:\/\/www.radiopresidenteibanez.cl\/web\/wp-json\/wp\/v2\/types\/post"}],"author":[{"embeddable":true,"href":"https:\/\/www.radiopresidenteibanez.cl\/web\/wp-json\/wp\/v2\/users\/2"}],"replies":[{"embeddable":true,"href":"https:\/\/www.radiopresidenteibanez.cl\/web\/wp-json\/wp\/v2\/comments?post=18815"}],"version-history":[{"count":0,"href":"https:\/\/www.radiopresidenteibanez.cl\/web\/wp-json\/wp\/v2\/posts\/18815\/revisions"}],"wp:featuredmedia":[{"embeddable":true,"href":"https:\/\/www.radiopresidenteibanez.cl\/web\/wp-json\/wp\/v2\/media\/740"}],"wp:attachment":[{"href":"https:\/\/www.radiopresidenteibanez.cl\/web\/wp-json\/wp\/v2\/media?parent=18815"}],"wp:term":[{"taxonomy":"category","embeddable":true,"href":"https:\/\/www.radiopresidenteibanez.cl\/web\/wp-json\/wp\/v2\/categories?post=18815"},{"taxonomy":"post_tag","embeddable":true,"href":"https:\/\/www.radiopresidenteibanez.cl\/web\/wp-json\/wp\/v2\/tags?post=18815"}],"curies":[{"name":"wp","href":"https:\/\/api.w.org\/{rel}","templated":true}]}}