{"id":18813,"date":"2021-02-25T00:49:04","date_gmt":"2021-02-25T00:49:04","guid":{"rendered":"https:\/\/www.radiopresidenteibanez.cl\/web\/?p=18813"},"modified":"2021-02-25T00:49:09","modified_gmt":"2021-02-25T00:49:09","slug":"gobierno-anuncio-la-extension-del-ife-y-bono-covid-hasta-el-mes-de-abril","status":"publish","type":"post","link":"https:\/\/www.radiopresidenteibanez.cl\/web\/gobierno-anuncio-la-extension-del-ife-y-bono-covid-hasta-el-mes-de-abril\/","title":{"rendered":"GOBIERNO ANUNCI\u00d3 LA EXTENSI\u00d3N DEL IFE Y BONO COVID HASTA EL MES DE ABRIL"},"content":{"rendered":"\n<p>Durante esta tarde el Presidente de la Rep\u00fablica Sebasti\u00e1n Pi\u00f1era anunci\u00f3 la extensi\u00f3n del Ingreso Familiar de Emergencia (IFE) y Bono Covid durante los meses de marzo y abril, con el objetivo de apoyar econ\u00f3micamente a las familias m\u00e1s vulnerables que han sufrido los impactos de la pandemia.<\/p>\n\n\n\n<p>Esta extensi\u00f3n no implica cambios en el dise\u00f1o de los beneficios, el cual sigue bajo la orden de las condiciones sanitarias que ameritan para cada comuna del pa\u00eds. Se han establecido dos procesos de solicitud al beneficio entre el 5 y el 15 de marzo, para el caso del pago de marzo, y del 8 al 18 de abril para el pago del mes de abril. Al igual que en los meses anteriores las solicitudes se realizar\u00e1n a trav\u00e9s del sitio web&nbsp;<a href=\"http:\/\/www.ingresodeemergencia.cl\/\" target=\"_blank\" rel=\"noreferrer noopener\">www.ingresodeemergencia.cl<\/a>.<\/p>\n\n\n\n<p>\u201cNos hemos comprometido frente a todos los chilenos a mantener y reforzar esta Red de Protecci\u00f3n Social durante todo el tiempo que sea necesario, para que ninguna familia de nuestro pa\u00eds se quede sola, desamparada y sin protecci\u00f3n. Esta red ha logrado traer ayuda, alivio y protecci\u00f3n a cerca de 14 millones de chilenas y chilenos\u201d, se\u00f1al\u00f3 el Mandatario en una ceremonia junto a beneficiarios y los ministros de Desarrollo Social, Karla Rubilar, y de Hacienda, Rodrigo Cerda, en el Parque Bicentenario de Cerrillos.<\/p>\n\n\n\n<p>De la misma manera que el proceso del mes de febrero, para quienes reciben el Subsidio \u00danico Familiar (SUF) y para quienes son parte del sistema Seguridades y Oportunidades (SSyOO), no deber\u00e1n solicitar esto aportes (IFE Covid o Bono Covid) en el sitio web, debido a que recibir\u00e1n de forma autom\u00e1tica los pagos en caso de cumplir con los requisitos.<\/p>\n\n\n\n<p>En tanto la Seremi de Desarrollo Social y Familia de Magallanes y la Ant\u00e1rtica Chilena subrogante, Catalina Alarc\u00f3n, se\u00f1al\u00f3 que \u201cvaloramos la iniciativa anunciada por nuestro Gobierno que va en directa ayuda de las familias m\u00e1s impactadas por la crisis sanitaria. Sabemos que la mayor\u00eda de estos hogares est\u00e1n siendo liderados por mujeres, en donde muchas familias mantienen ingresos inferiores a los que ten\u00edan previo a la pandemia. Nuevamente las personas m\u00e1s vulnerables recibir\u00e1n la ayuda de manera autom\u00e1tica, mientras que los que perciban el IFE de febrero, deber\u00e1n postular de manera online a estas nuevas ayudas\u201d.<\/p>\n\n\n\n<p>Para el mes de marzo se estima una cobertura de aproximadamente 2 millones de hogares y un costo de alrededor de 345 millones de d\u00f3lares, dependiendo de las condiciones sanitarias en el periodo considerado.<\/p>\n\n\n\n<p>Estos beneficios est\u00e1n destinados a aquellas familias vulnerables que se han visto afectadas por la pandemia y que se encontraban en comunas en Cuarentena, Transici\u00f3n, Preparaci\u00f3n o Apertura y cuyos montos van desde los $100 mil por integrante a los $25 mil por integrante de acuerdo a la realidad sanitaria de cada una de estas comunas.<\/p>\n\n\n\n<p><strong>Pago de febrero<\/strong><\/p>\n\n\n\n<p>Este viernes 26 de febrero se inicia el pago del IFE y Bono Covid correspondiente a febrero. Este mes se vieron beneficiados 2,4 millones de hogares y 6,3 millones de personas con el IFE y Bono Covid 2021, donde por primera vez recibir\u00e1n de forma autom\u00e1tica, sin previa solicitud, cerca de un mill\u00f3n de personas que reciben el Subsidio \u00danico Familiar&nbsp;&nbsp;y que son parte del sistema Seguridades y Oportunidades.<\/p>\n\n\n\n<p>El proceso se inicia este viernes con quienes tengan Cuenta Rut del Banco Estado, para luego seguir durante la primera semana de marzo con los pagos presenciales a trav\u00e9s de la Caja Compensaci\u00f3n Los H\u00e9roes y en las sucursales del Banco Estado.<\/p>\n","protected":false},"excerpt":{"rendered":"<p>Durante esta tarde el Presidente de la Rep\u00fablica Sebasti\u00e1n Pi\u00f1era anunci\u00f3 la extensi\u00f3n del Ingreso Familiar de Emergencia (IFE) y Bono Covid durante los meses de marzo y abril, con&#8230; <a class=\"read-more\" href=\"https:\/\/www.radiopresidenteibanez.cl\/web\/gobierno-anuncio-la-extension-del-ife-y-bono-covid-hasta-el-mes-de-abril\/\">Leer m\u00e1s<\/a><\/p>\n","protected":false},"author":2,"featured_media":385,"comment_status":"closed","ping_status":"closed","sticky":false,"template":"","format":"standard","meta":{"footnotes":""},"categories":[1],"tags":[],"class_list":["post-18813","post","type-post","status-publish","format-standard","has-post-thumbnail","hentry","category-cronica"],"_links":{"self":[{"href":"https:\/\/www.radiopresidenteibanez.cl\/web\/wp-json\/wp\/v2\/posts\/18813","targetHints":{"allow":["GET"]}}],"collection":[{"href":"https:\/\/www.radiopresidenteibanez.cl\/web\/wp-json\/wp\/v2\/posts"}],"about":[{"href":"https:\/\/www.radiopresidenteibanez.cl\/web\/wp-json\/wp\/v2\/types\/post"}],"author":[{"embeddable":true,"href":"https:\/\/www.radiopresidenteibanez.cl\/web\/wp-json\/wp\/v2\/users\/2"}],"replies":[{"embeddable":true,"href":"https:\/\/www.radiopresidenteibanez.cl\/web\/wp-json\/wp\/v2\/comments?post=18813"}],"version-history":[{"count":0,"href":"https:\/\/www.radiopresidenteibanez.cl\/web\/wp-json\/wp\/v2\/posts\/18813\/revisions"}],"wp:featuredmedia":[{"embeddable":true,"href":"https:\/\/www.radiopresidenteibanez.cl\/web\/wp-json\/wp\/v2\/media\/385"}],"wp:attachment":[{"href":"https:\/\/www.radiopresidenteibanez.cl\/web\/wp-json\/wp\/v2\/media?parent=18813"}],"wp:term":[{"taxonomy":"category","embeddable":true,"href":"https:\/\/www.radiopresidenteibanez.cl\/web\/wp-json\/wp\/v2\/categories?post=18813"},{"taxonomy":"post_tag","embeddable":true,"href":"https:\/\/www.radiopresidenteibanez.cl\/web\/wp-json\/wp\/v2\/tags?post=18813"}],"curies":[{"name":"wp","href":"https:\/\/api.w.org\/{rel}","templated":true}]}}