{"id":18810,"date":"2021-02-25T00:43:25","date_gmt":"2021-02-25T00:43:25","guid":{"rendered":"https:\/\/www.radiopresidenteibanez.cl\/web\/?p=18810"},"modified":"2021-02-25T00:43:30","modified_gmt":"2021-02-25T00:43:30","slug":"ministra-undurraga-inaugura-centro-de-transferencia-tecnologica-inia-kampenaike","status":"publish","type":"post","link":"https:\/\/www.radiopresidenteibanez.cl\/web\/ministra-undurraga-inaugura-centro-de-transferencia-tecnologica-inia-kampenaike\/","title":{"rendered":"MINISTRA UNDURRAGA INAUGURA CENTRO DE  TRANSFERENCIA TECNOL\u00d3GICA INIA KAMPENAIKE"},"content":{"rendered":"\n<p>Hasta la\ncomuna de Laguna Blanca lleg\u00f3 la ministra de Agricultura, Mar\u00eda Emilia\nUndurraga, para inaugurar la nueva Unidad de Transferencia y Capacitaci\u00f3n INIA\nKampenaike&nbsp;compuesta por un comedor y un auditorio con capacidad para 60\npersonas, que servir\u00e1 para realizar conferencias, charlas, seminarios e\nimpartir clases. Adicional a esto se inaugur\u00f3 un m\u00f3dulo de alojamiento (casa de\nhu\u00e9spedes) para 12 personas, pensado para alojar a investigadores de otros\ncentros del pa\u00eds o internacionales y alumnos en pr\u00e1ctica, que son capacitados\nen las l\u00edneas de investigaci\u00f3n ligadas a la ganader\u00eda, hortofruticultura y\nrecursos naturales.&nbsp;&nbsp;<\/p>\n\n\n\n<p>En total se invirtieron $277 millones en la nueva\ninfraestructura que posiciona al Instituto de Investigaciones Agropecuarias\n-INIA- como un referente de punta en la Regi\u00f3n de Magallanes. En ese sentido,\nla secretaria de Estado destac\u00f3 el rol que cumple el INIA en transferencia\ntecnol\u00f3gica y capacitaciones locales, como tambi\u00e9n el trabajo asociado a las\nuniversidades locales en materia de investigaci\u00f3n.&nbsp;<\/p>\n\n\n\n<p>\u201cQu\u00e9 importante\npoder transferir la investigaci\u00f3n que se realiza en este centro del Inia a los\ndistintos productores. La investigaci\u00f3n toma sentido cuando se conecta con las\nnecesidades de la regi\u00f3n, de sus agricultores y sus ganaderos\u201d,sostuvo la ministra Undurraga tras la actividad que\nse enmarca en su gira de tres d\u00edas en la Regi\u00f3n de Magallanes. &nbsp;<\/p>\n\n\n\n<p>Asimismo, la titular de Agricultura agreg\u00f3 que la\niniciativa&nbsp;\u201cva a poder facilitar este encuentro entre productores ganaderos y los\ninvestigadores, para poder promover esta actividad que necesita ir adapt\u00e1ndose\na las nuevas condiciones clim\u00e1ticas, a las nuevas tecnolog\u00edas, y as\u00ed avanzar en\nel desarrollo de la regi\u00f3n de forma sustentable.\u201d&nbsp;<\/p>\n\n\n\n<p>Fracisco Sales,\ndirector regional del INIA Kampenaike, celebr\u00f3 la inversi\u00f3n y se atrevi\u00f3 a\napostar por la trascendencia del nuevo centro: \u201ceso es lo que nosotros buscamos\ncon esta nueva infraestructura, poder generar en Kampenaike un polo de\ndesarrollo, un polo de investigaci\u00f3n, no s\u00f3lo para la regi\u00f3n, que es muy\nimportante, donde estamos apoyando a productores y productoras tanto de la\nparte hortofrut\u00edcola, como del sector ganadero que es muy importante en la\nregi\u00f3n, pero tambi\u00e9n trabajar en conjunto con sectores a nivel nacional y con\nsectores internacionales, y eso para nosotros es fundamental.\u201d&nbsp;<\/p>\n\n\n\n<p>Tras la inauguraci\u00f3n, la ministra de Agricultura se\nreuni\u00f3 con las Asociaciones de Ganaderos de Tierra del Fuego, Asogama y\nCriadores Angus para analizar los principales desaf\u00edos de la principal\nactividad econ\u00f3mica silvoagropecuaria de la regi\u00f3n.&nbsp;<\/p>\n\n\n\n<p>Finalmente, particip\u00f3 en la presentaci\u00f3n de un\nProyecto CORFO de Alimentaci\u00f3n de Salmones con forraje regional con un aporte\nde $50.000.000, sumados a otros: $12.500.000 aportados por los ganaderos de la\nzona para incorporar a la agricultura a la producci\u00f3n de alimentos para\nsalmones, mediante la generaci\u00f3n de prote\u00edna, energ\u00eda y aceites que la\nindustria salmonera normalmente importa desde el extranjero.&nbsp;<\/p>\n\n\n\n<p><strong>Autoridades valoran trabajos realizados para\npotenciar la horticultura sustentable<\/strong>&nbsp;<\/p>\n\n\n\n<p>En tanto, durante la jornada de ayer, la agenda de\nla ministra de Estado estuvo marcada por su visita a la&nbsp;&nbsp;base Lenga 4 de Conaf, lugar donde se encuentra el\nFaro Agroecol\u00f3gico del Instituto de Investigaciones Agropecuarias (INIA), donde\njunto a otras autoridades locales monitorearon en terreno los trabajos\nrealizados por la Unidad Demostrativa del instituto en Puerto Natales,\nperteneciente al programa Capacitaci\u00f3n en T\u00e9cnicas de Horticultura Sustentable\npara Peque\u00f1os Agricultores de la Regi\u00f3n de Magallanes.&nbsp;<\/p>\n\n\n\n<p>\u201cEstamos en el Faro Tecnol\u00f3gico\ndel INIA, es muy importante tener estos puntos de encuentro de la comunidad\npara poder venir a aprender las distintas tecnolog\u00edas con respecto a la\nagricultura sustentable, esa agricultura del futuro que nos va a permitir\nalimentarnos de manera saludable y transmitir esta forma de producci\u00f3n a los\nagricultores de esta regi\u00f3n\u201d, concluy\u00f3 la ministra Undurraga, quien junto\nal&nbsp;director Nacional de Indap, Carlos\nRecondo, visit\u00f3&nbsp;a peque\u00f1os usuarios\ndedicados a la producci\u00f3n de hortalizas y huevos.<\/p>\n\n\n\n<p><strong>Acerca\nde INIA<\/strong><\/p>\n\n\n\n<p>El Instituto de Investigaciones Agropecuarias (INIA) es la principal instituci\u00f3n de investigaci\u00f3n, desarrollo e innovaci\u00f3n agroalimentaria de Chile. Vinculada al Ministerio de Agricultura, cuenta con presencia nacional y un equipo de trabajo de m\u00e1s de 1.000 personas altamente calificadas. Ejecuta al a\u00f1o un promedio de 400 proyectos en torno a 5 \u00e1reas estrat\u00e9gicas: Cambio Clim\u00e1tico, Sustentabilidad, Alimentos del Futuro, Tecnolog\u00edas Emergentes, y Extensi\u00f3n y Formaci\u00f3n de Capacidades. Estas iniciativas contribuyen al desarrollo agroalimentario sostenible del pa\u00eds, creando valor y proponiendo soluciones innovadoras a los agricultores, socios estrat\u00e9gicos y la sociedad, generando una rentabilidad social que var\u00eda entre 15% y 25%, por cada peso invertido en cada uno de sus proyectos.<\/p>\n\n\n\n<p><a href=\"http:\/\/www.inia.cl\/\" target=\"_blank\" rel=\"noreferrer noopener\">www.inia.cl<\/a>&nbsp;\u2013 Facebook:\n\/INIAChile \u2013 Instagram: @iniachile \u2013 Twitter: @iniachile \u2013 YouTube: INIA \u2013\nLinkedIn: \/inia-chile<\/p>\n","protected":false},"excerpt":{"rendered":"<p>Hasta la comuna de Laguna Blanca lleg\u00f3 la ministra de Agricultura, Mar\u00eda Emilia Undurraga, para inaugurar la nueva Unidad de Transferencia y Capacitaci\u00f3n INIA Kampenaike&nbsp;compuesta por un comedor y un&#8230; <a class=\"read-more\" href=\"https:\/\/www.radiopresidenteibanez.cl\/web\/ministra-undurraga-inaugura-centro-de-transferencia-tecnologica-inia-kampenaike\/\">Leer m\u00e1s<\/a><\/p>\n","protected":false},"author":2,"featured_media":18811,"comment_status":"closed","ping_status":"closed","sticky":false,"template":"","format":"standard","meta":{"footnotes":""},"categories":[1],"tags":[],"class_list":["post-18810","post","type-post","status-publish","format-standard","has-post-thumbnail","hentry","category-cronica"],"_links":{"self":[{"href":"https:\/\/www.radiopresidenteibanez.cl\/web\/wp-json\/wp\/v2\/posts\/18810","targetHints":{"allow":["GET"]}}],"collection":[{"href":"https:\/\/www.radiopresidenteibanez.cl\/web\/wp-json\/wp\/v2\/posts"}],"about":[{"href":"https:\/\/www.radiopresidenteibanez.cl\/web\/wp-json\/wp\/v2\/types\/post"}],"author":[{"embeddable":true,"href":"https:\/\/www.radiopresidenteibanez.cl\/web\/wp-json\/wp\/v2\/users\/2"}],"replies":[{"embeddable":true,"href":"https:\/\/www.radiopresidenteibanez.cl\/web\/wp-json\/wp\/v2\/comments?post=18810"}],"version-history":[{"count":0,"href":"https:\/\/www.radiopresidenteibanez.cl\/web\/wp-json\/wp\/v2\/posts\/18810\/revisions"}],"wp:featuredmedia":[{"embeddable":true,"href":"https:\/\/www.radiopresidenteibanez.cl\/web\/wp-json\/wp\/v2\/media\/18811"}],"wp:attachment":[{"href":"https:\/\/www.radiopresidenteibanez.cl\/web\/wp-json\/wp\/v2\/media?parent=18810"}],"wp:term":[{"taxonomy":"category","embeddable":true,"href":"https:\/\/www.radiopresidenteibanez.cl\/web\/wp-json\/wp\/v2\/categories?post=18810"},{"taxonomy":"post_tag","embeddable":true,"href":"https:\/\/www.radiopresidenteibanez.cl\/web\/wp-json\/wp\/v2\/tags?post=18810"}],"curies":[{"name":"wp","href":"https:\/\/api.w.org\/{rel}","templated":true}]}}