{"id":18803,"date":"2021-02-25T03:00:00","date_gmt":"2021-02-25T03:00:00","guid":{"rendered":"https:\/\/www.radiopresidenteibanez.cl\/web\/?p=18803"},"modified":"2021-02-24T14:42:06","modified_gmt":"2021-02-24T14:42:06","slug":"ministros-de-vivienda-y-urbanismo-anuncio-la-construccion-de-tres-conjuntos-habitacionales-para-273-familias-de-punta-arenas","status":"publish","type":"post","link":"https:\/\/www.radiopresidenteibanez.cl\/web\/ministros-de-vivienda-y-urbanismo-anuncio-la-construccion-de-tres-conjuntos-habitacionales-para-273-familias-de-punta-arenas\/","title":{"rendered":"MINISTRO(S) DE VIVIENDA Y URBANISMO ANUNCI\u00d3 LA CONSTRUCCI\u00d3N DE TRES CONJUNTOS HABITACIONALES PARA 273 FAMILIAS DE PUNTA ARENAS"},"content":{"rendered":"\n<p>A trav\u00e9s de las plataformas digitales del Minvu, el subsecretario de Vivienda y Urbanismo,\u00a0<strong>Guillermo Rolando<\/strong>, junto al seremi del ramo,\u00a0<strong>Jos\u00e9 Miguel Horcos<\/strong>\u00a0y al alcalde de Punta Arenas,\u00a0<strong>Claudio Radonich<\/strong>, anunciaron que 273 familias de Punta Arenas se ver\u00e1n beneficiadas con subsidios habitacionales DS49 para la construcci\u00f3n de tres nuevos loteos, dos emplazados en el sector sur y uno en el sector norte de la capital regional.<\/p>\n\n\n\n<p>En la instancia, el ministro (s) del Minvu,&nbsp;<strong>Guillermo Rolando<\/strong>, manifest\u00f3 que: \u201cHoy es un d\u00eda muy importante, tengo en mis manos la resoluci\u00f3n que indica que las agrupaciones Estepa Austral I, Weche Pepiukelen y Tierra Austral I se adjudicaron subsidios habitacionales. Como cartera es algo que nos tiene muy contentos, m\u00e1s que en este momento tenemos m\u00e1s de 1.100 viviendas en construcci\u00f3n y otras 1.600 que est\u00e1n con subsidio en mano prontos a partir su ejecuci\u00f3n\u201d.<\/p>\n\n\n\n<p>Adem\u00e1s, la autoridad agreg\u00f3 que: \u201cCon el gran apoyo del Gobierno Regional de Magallanes y tambi\u00e9n de los municipios, estamos en muy buen pie para ir afrontando los desaf\u00edos en materia de vivienda\u201d.<\/p>\n\n\n\n<p>Durante el anuncio, el seremi de Vivienda y Urbanismo de Magallanes,&nbsp;<strong>Jos\u00e9 Miguel Horcos<\/strong>, resalt\u00f3 de que: \u201cEn Magallanes estamos realizando un trabajo gigante y estamos marcando un precedente, con el objetivo de poder sentar las bases para el futuro habitacional en nuestra regi\u00f3n y finalmente, poder ir \u2013 junto a otros organismos \u2013 a eliminar el d\u00e9ficit habitacional\u201d.<\/p>\n\n\n\n<p>Para las familias este ha sido un largo camino, donde se han conformado hace varios a\u00f1os y hoy fue un d\u00eda especial para ellos. As\u00ed lo detallo el presidente de la agrupaci\u00f3n Weche Pepiukelen, Rodrigo Carrera, quien dijo: \u201cEn este mes, nosotros como agrupaci\u00f3n cumplimos 7 a\u00f1os y quiero agradecer al Ministerio de Vivienda, a otras autoridades del gobierno por la gesti\u00f3n. A nosotros nos ha costado bastante&nbsp; y ahora lograr el objetivo es muy importante. Somos 63 familias beneficiadas y repito, estamos muy agradecidos por este logro\u201d.<\/p>\n\n\n\n<p>Finalmente, el alcalde de Punta Arenas,&nbsp;<strong>Claudio Radonich<\/strong>, manifest\u00f3 que el trabajo de la Entidad Patrocinante ha sido clave en el desarrollo habitacional en la ciudad y que: \u201cpasamos de 250 subsidios en Punta Arenas en 2017, a tener 1.000 durante el 2020. Hemos tenido la colaboraci\u00f3n del CORE y el compromiso de los dirigentes que se las han jugado. Para nosotros es importante porque se entregan hogares, viviendas lindas y dan mucho empleo a la regi\u00f3n.<\/p>\n\n\n\n<p>Cabe resaltar, que para la construcci\u00f3n de los loteos Estepa Austral I y Weche Pepiukelen se necesitar\u00e1 el aporte del Gobierno Regional.<\/p>\n","protected":false},"excerpt":{"rendered":"<p>A trav\u00e9s de las plataformas digitales del Minvu, el subsecretario de Vivienda y Urbanismo,\u00a0Guillermo Rolando, junto al seremi del ramo,\u00a0Jos\u00e9 Miguel Horcos\u00a0y al alcalde de Punta Arenas,\u00a0Claudio Radonich, anunciaron que&#8230; <a class=\"read-more\" href=\"https:\/\/www.radiopresidenteibanez.cl\/web\/ministros-de-vivienda-y-urbanismo-anuncio-la-construccion-de-tres-conjuntos-habitacionales-para-273-familias-de-punta-arenas\/\">Leer m\u00e1s<\/a><\/p>\n","protected":false},"author":2,"featured_media":18804,"comment_status":"closed","ping_status":"closed","sticky":false,"template":"","format":"standard","meta":{"footnotes":""},"categories":[1],"tags":[],"class_list":["post-18803","post","type-post","status-publish","format-standard","has-post-thumbnail","hentry","category-cronica"],"_links":{"self":[{"href":"https:\/\/www.radiopresidenteibanez.cl\/web\/wp-json\/wp\/v2\/posts\/18803","targetHints":{"allow":["GET"]}}],"collection":[{"href":"https:\/\/www.radiopresidenteibanez.cl\/web\/wp-json\/wp\/v2\/posts"}],"about":[{"href":"https:\/\/www.radiopresidenteibanez.cl\/web\/wp-json\/wp\/v2\/types\/post"}],"author":[{"embeddable":true,"href":"https:\/\/www.radiopresidenteibanez.cl\/web\/wp-json\/wp\/v2\/users\/2"}],"replies":[{"embeddable":true,"href":"https:\/\/www.radiopresidenteibanez.cl\/web\/wp-json\/wp\/v2\/comments?post=18803"}],"version-history":[{"count":0,"href":"https:\/\/www.radiopresidenteibanez.cl\/web\/wp-json\/wp\/v2\/posts\/18803\/revisions"}],"wp:featuredmedia":[{"embeddable":true,"href":"https:\/\/www.radiopresidenteibanez.cl\/web\/wp-json\/wp\/v2\/media\/18804"}],"wp:attachment":[{"href":"https:\/\/www.radiopresidenteibanez.cl\/web\/wp-json\/wp\/v2\/media?parent=18803"}],"wp:term":[{"taxonomy":"category","embeddable":true,"href":"https:\/\/www.radiopresidenteibanez.cl\/web\/wp-json\/wp\/v2\/categories?post=18803"},{"taxonomy":"post_tag","embeddable":true,"href":"https:\/\/www.radiopresidenteibanez.cl\/web\/wp-json\/wp\/v2\/tags?post=18803"}],"curies":[{"name":"wp","href":"https:\/\/api.w.org\/{rel}","templated":true}]}}