{"id":18800,"date":"2021-02-25T02:45:00","date_gmt":"2021-02-25T02:45:00","guid":{"rendered":"https:\/\/www.radiopresidenteibanez.cl\/web\/?p=18800"},"modified":"2021-02-24T14:37:15","modified_gmt":"2021-02-24T14:37:15","slug":"con-visita-a-faro-tecnologico-del-inia-autoridades-valoraron-el-trabajo-realizado-para-potenciar-la-horticultura-sustentable","status":"publish","type":"post","link":"https:\/\/www.radiopresidenteibanez.cl\/web\/con-visita-a-faro-tecnologico-del-inia-autoridades-valoraron-el-trabajo-realizado-para-potenciar-la-horticultura-sustentable\/","title":{"rendered":"CON VISITA A FARO TECNOL\u00d3GICO DEL INIA, AUTORIDADES VALORARON EL TRABAJO REALIZADO PARA POTENCIAR LA HORTICULTURA SUSTENTABLE"},"content":{"rendered":"\n<p>Hasta\nla base Lenga 4 de Conaf, lugar donde se encuentra el Faro Agroecol\u00f3gico del\nInstituto de Investigaciones Agropecuarias (INIA), llegaron distintas autoridades\nentre quienes se encontraba la ministra de Agricultura, Mar\u00eda Emilia Undurraga;\nla gobernadora Ericka Far\u00edas; el Seremi Alfonso Roux, entre otros, para\napreciar en terreno el trabajo realizado en la Unidad Demostrativa del INIA en\nPuerto Natales, perteneciente al programa Capacitaci\u00f3n en T\u00e9cnicas de\nHorticultura Sustentable para Peque\u00f1os Agricultores de la regi\u00f3n de Magallanes.<\/p>\n\n\n\n<p>Sobre\nesto, la ministra Undurraga coment\u00f3 que \u201cestamos en el Faro Tecnol\u00f3gico del\nINIA, es muy importante tener estos puntos de encuentro de la comunidad para\npoder venir a aprender las distintas tecnolog\u00edas con respecto a la agricultura\nsustentable, esa agricultura del futuro que nos va a permitir alimentarnos de manera\nsaludable y transmitir esta forma de producci\u00f3n a los agricultores de esta\nregi\u00f3n\u201d.<\/p>\n\n\n\n<p>En\ntanto, la gobernadora Ericka Far\u00edas destac\u00f3 la importancia de trabajar con\nt\u00e9cnicas que tengan un car\u00e1cter renovable se\u00f1alando que \u201cestuvimos junto a la\nministra apreciando los sistemas con los que cuentan para ayudar a los peque\u00f1os\nagricultores, nos llam\u00f3 mucho la atenci\u00f3n el sistema regenerativo de la tierra\nque tienen a trav\u00e9s del compost, eso es algo muy positivo porque estamos\nayudando al sector agropecuario a trav\u00e9s de t\u00e9cnicas renovables donde cuidamos\nla tierra y la naturaleza\u201d.<\/p>\n\n\n\n<p>Asimismo,\nel seremi de Agricultura, Alfonso Roux, agreg\u00f3 \u201ceste es un trabajo que se est\u00e1\nrealizando para los peque\u00f1os agricultores de la agricultura familiar campesina,\npara ense\u00f1arles a producir en forma sustentable sus hortalizas. La ministra\nqued\u00f3 muy impresionada por el trabajo que est\u00e1 realizando el INIA, por la\ninformaci\u00f3n que se est\u00e1 entregando, por la tecnolog\u00eda que se est\u00e1 entregando y\npor los conocimientos para a los peque\u00f1os agricultores\u201d.<\/p>\n\n\n\n<p>Durante\nla jornada, se apreciaron t\u00e9cnicas relacionadas a las ciencias de la\nagroecolog\u00eda como la cosecha de aguas lluvia, los policultivos, el compostaje,\npor s\u00f3lo mencionar algunos; por ello, uno de los objetivos de INIA es poder\nvincularse con los agricultores y ser un aula natural, a la vez que un centro\nde referencia de investigaci\u00f3n y transferencia tecnol\u00f3gica en horticultura que\nentrega capacitaci\u00f3n para desarrollar cultivos en sectores complejos para\ntrabajar, entendiendo las problem\u00e1ticas propias de la geograf\u00eda de Magallanes.<\/p>\n\n\n\n<p>Finalmente,\nel seremi Roux agreg\u00f3 que \u201ceste es un proyecto FNDR, as\u00ed que agradezco al\nGobierno Regional y al CORE por el apoyo que nos han dado estos dos a\u00f1os, y a\u00fan\nqueda un tercer a\u00f1o para transferir esta tecnolog\u00eda para una mejor\nproductividad en \u00daltima Esperanza y las otras provincias de la regi\u00f3n de\nMagallanes\u201d.<\/p>\n","protected":false},"excerpt":{"rendered":"<p>Hasta la base Lenga 4 de Conaf, lugar donde se encuentra el Faro Agroecol\u00f3gico del Instituto de Investigaciones Agropecuarias (INIA), llegaron distintas autoridades entre quienes se encontraba la ministra de&#8230; <a class=\"read-more\" href=\"https:\/\/www.radiopresidenteibanez.cl\/web\/con-visita-a-faro-tecnologico-del-inia-autoridades-valoraron-el-trabajo-realizado-para-potenciar-la-horticultura-sustentable\/\">Leer m\u00e1s<\/a><\/p>\n","protected":false},"author":2,"featured_media":18801,"comment_status":"closed","ping_status":"closed","sticky":false,"template":"","format":"standard","meta":{"footnotes":""},"categories":[1],"tags":[],"class_list":["post-18800","post","type-post","status-publish","format-standard","has-post-thumbnail","hentry","category-cronica"],"_links":{"self":[{"href":"https:\/\/www.radiopresidenteibanez.cl\/web\/wp-json\/wp\/v2\/posts\/18800","targetHints":{"allow":["GET"]}}],"collection":[{"href":"https:\/\/www.radiopresidenteibanez.cl\/web\/wp-json\/wp\/v2\/posts"}],"about":[{"href":"https:\/\/www.radiopresidenteibanez.cl\/web\/wp-json\/wp\/v2\/types\/post"}],"author":[{"embeddable":true,"href":"https:\/\/www.radiopresidenteibanez.cl\/web\/wp-json\/wp\/v2\/users\/2"}],"replies":[{"embeddable":true,"href":"https:\/\/www.radiopresidenteibanez.cl\/web\/wp-json\/wp\/v2\/comments?post=18800"}],"version-history":[{"count":0,"href":"https:\/\/www.radiopresidenteibanez.cl\/web\/wp-json\/wp\/v2\/posts\/18800\/revisions"}],"wp:featuredmedia":[{"embeddable":true,"href":"https:\/\/www.radiopresidenteibanez.cl\/web\/wp-json\/wp\/v2\/media\/18801"}],"wp:attachment":[{"href":"https:\/\/www.radiopresidenteibanez.cl\/web\/wp-json\/wp\/v2\/media?parent=18800"}],"wp:term":[{"taxonomy":"category","embeddable":true,"href":"https:\/\/www.radiopresidenteibanez.cl\/web\/wp-json\/wp\/v2\/categories?post=18800"},{"taxonomy":"post_tag","embeddable":true,"href":"https:\/\/www.radiopresidenteibanez.cl\/web\/wp-json\/wp\/v2\/tags?post=18800"}],"curies":[{"name":"wp","href":"https:\/\/api.w.org\/{rel}","templated":true}]}}