{"id":18797,"date":"2021-02-25T02:30:00","date_gmt":"2021-02-25T02:30:00","guid":{"rendered":"https:\/\/www.radiopresidenteibanez.cl\/web\/?p=18797"},"modified":"2021-02-24T14:33:53","modified_gmt":"2021-02-24T14:33:53","slug":"municipio-retoma-entrega-de-recursos-para-iniciativas-comunitarias-paic","status":"publish","type":"post","link":"https:\/\/www.radiopresidenteibanez.cl\/web\/municipio-retoma-entrega-de-recursos-para-iniciativas-comunitarias-paic\/","title":{"rendered":"MUNICIPIO RETOMA ENTREGA DE RECURSOS PARA INICIATIVAS COMUNITARIAS (PAIC)"},"content":{"rendered":"\n<p>Desde este mi\u00e9rcoles (24 de febrero), las organizaciones\ncomunitarias, territoriales y funcionales de Punta Arenas, podr\u00e1n acceder a las\nbases del Programa de Apoyo a Iniciativas Comunitarias (PAIC) 2021.<\/p>\n\n\n\n<p>As\u00ed fue informado por el alcalde, Claudio Radonich, quien\nindic\u00f3 que este a\u00f1o existe un total de 112 millones 500 mil pesos para entregar\na los postulantes que cumplan con los requisitos solicitados en las bases.<\/p>\n\n\n\n<p>\u201cComenzamos a aumentar los montos el a\u00f1o 2017 hasta el 2019\ny lleg\u00f3 el a\u00f1o 2020 con la pandemia y por primera vez no tuvimos PAIC. Muchos\nvecinos postularon, pero por razones de la pandemia y sobre todo para destinar\nestos recursos \u00edntegramente a la Agenda Social, no tuvimos PAIC, pero este a\u00f1o\nlo retomamos\u201d, explic\u00f3 la autoridad comunal.<\/p>\n\n\n\n<p>Las postulaciones podr\u00e1n realizarse entre el 22 de marzo y\nel 9 de abril, y existen 5 tem\u00e1ticas a postular: Implementaci\u00f3n y\/o\nmejoramiento o reparaci\u00f3n de sedes comunitarias; Implementaci\u00f3n de equipamiento\ndeportivo; Desarrollo cultural e identidad territorial; Adquisici\u00f3n de\nequipamiento e insumos sanitarios; y Mejoramiento de Viviendas.<\/p>\n\n\n\n<p>Este a\u00f1o, debido a la situaci\u00f3n sanitaria vigente, se han\naumentado los montos de aporte municipal y se han reducido los de aporte de la\norganizaci\u00f3n para las tem\u00e1ticas existentes.<\/p>\n\n\n\n<p>\u201cEs sumamente importante que se realicen estos proyectos\npara que sigamos creciendo como comunidad. Nosotros durante la pandemia, Loteo\ndel Mar no par\u00f3 de trabajar, logramos muchos proyectos, invernadero, cierre\nperimetral. Por lo tanto, somos una comunidad sumamente bien organizada y\nbueno, felices porque nuevamente vamos a poder postular al PAIC\u201d, afirm\u00f3\nClaudia C\u00e1rdenas, presidenta de la Junta de Vecinos Loteo del Mar, organizaci\u00f3n\nque ha sido beneficiada con este programa.<\/p>\n\n\n\n<p>Cabe destacar que el Municipio de Punta Arenas ha ido aumentando\nsignificativamente el monto entregado a trav\u00e9s de este programa, pasando de $99\nmillones en 2017, con 27 agrupaciones beneficiadas, a $190 millones el 2019,\ncon 76 agrupaciones beneficiadas.<\/p>\n\n\n\n<p>Los montos a postular y otros detalles se encuentran descritos\nen las bases, que se pueden descargar desde el sitio web\nwww.puntaarenas.cl.&nbsp; <\/p>\n","protected":false},"excerpt":{"rendered":"<p>Desde este mi\u00e9rcoles (24 de febrero), las organizaciones comunitarias, territoriales y funcionales de Punta Arenas, podr\u00e1n acceder a las bases del Programa de Apoyo a Iniciativas Comunitarias (PAIC) 2021. As\u00ed&#8230; <a class=\"read-more\" href=\"https:\/\/www.radiopresidenteibanez.cl\/web\/municipio-retoma-entrega-de-recursos-para-iniciativas-comunitarias-paic\/\">Leer m\u00e1s<\/a><\/p>\n","protected":false},"author":2,"featured_media":18798,"comment_status":"closed","ping_status":"closed","sticky":false,"template":"","format":"standard","meta":{"footnotes":""},"categories":[1],"tags":[],"class_list":["post-18797","post","type-post","status-publish","format-standard","has-post-thumbnail","hentry","category-cronica"],"_links":{"self":[{"href":"https:\/\/www.radiopresidenteibanez.cl\/web\/wp-json\/wp\/v2\/posts\/18797","targetHints":{"allow":["GET"]}}],"collection":[{"href":"https:\/\/www.radiopresidenteibanez.cl\/web\/wp-json\/wp\/v2\/posts"}],"about":[{"href":"https:\/\/www.radiopresidenteibanez.cl\/web\/wp-json\/wp\/v2\/types\/post"}],"author":[{"embeddable":true,"href":"https:\/\/www.radiopresidenteibanez.cl\/web\/wp-json\/wp\/v2\/users\/2"}],"replies":[{"embeddable":true,"href":"https:\/\/www.radiopresidenteibanez.cl\/web\/wp-json\/wp\/v2\/comments?post=18797"}],"version-history":[{"count":0,"href":"https:\/\/www.radiopresidenteibanez.cl\/web\/wp-json\/wp\/v2\/posts\/18797\/revisions"}],"wp:featuredmedia":[{"embeddable":true,"href":"https:\/\/www.radiopresidenteibanez.cl\/web\/wp-json\/wp\/v2\/media\/18798"}],"wp:attachment":[{"href":"https:\/\/www.radiopresidenteibanez.cl\/web\/wp-json\/wp\/v2\/media?parent=18797"}],"wp:term":[{"taxonomy":"category","embeddable":true,"href":"https:\/\/www.radiopresidenteibanez.cl\/web\/wp-json\/wp\/v2\/categories?post=18797"},{"taxonomy":"post_tag","embeddable":true,"href":"https:\/\/www.radiopresidenteibanez.cl\/web\/wp-json\/wp\/v2\/tags?post=18797"}],"curies":[{"name":"wp","href":"https:\/\/api.w.org\/{rel}","templated":true}]}}