{"id":18794,"date":"2021-02-25T02:15:00","date_gmt":"2021-02-25T02:15:00","guid":{"rendered":"https:\/\/www.radiopresidenteibanez.cl\/web\/?p=18794"},"modified":"2021-02-24T14:28:57","modified_gmt":"2021-02-24T14:28:57","slug":"desarrollo-social-y-familia-realiza-llamado-a-concurso-para-la-puesta-en-marcha-de-tres-albergues-en-magallanes","status":"publish","type":"post","link":"https:\/\/www.radiopresidenteibanez.cl\/web\/desarrollo-social-y-familia-realiza-llamado-a-concurso-para-la-puesta-en-marcha-de-tres-albergues-en-magallanes\/","title":{"rendered":"DESARROLLO SOCIAL Y FAMILIA REALIZA LLAMADO A CONCURSO PARA LA PUESTA EN MARCHA DE TRES ALBERGUES EN MAGALLANES"},"content":{"rendered":"\n<p>El Ministerio de Desarrollo Social y Familia, a trav\u00e9s de la Subsecretaria de Servicios Sociales, realiz\u00f3 un llamado a concurso para que personas jur\u00eddicas implementen en las comunas de Punta Arenas y Natales tres albergues transitorios para personas en situaci\u00f3n de calle.<\/p>\n\n\n\n<p>Este concurso se ejecuta en el marco del programa Noche Digna, que lidera el ministerio para brindar protecci\u00f3n a hombres y mujeres en situaci\u00f3n calle. Dentro de uno de los componentes se encuentra el Plan de Invierno, que en nuestra regi\u00f3n se dar\u00e1 inicio en el mes de abril con el objetivo de contar con alternativas de hospedaje, alimentaci\u00f3n, servicios de higiene personal, abrigo y atenci\u00f3n de salud para proteger la vida humana de las personas que habitan en la v\u00eda p\u00fablica durante la \u00e9poca de bajas temperaturas.<\/p>\n\n\n\n<p>La Seremi de Desarrollo Social y Familia Subrogante, Catalina Alarc\u00f3n, se\u00f1al\u00f3 que \u201cnuestro ministerio dispondr\u00e1 de un total de $155.215.500 para la implementaci\u00f3n de dos dispositivos en Punta Arenas y uno en Natales, los que funcionaran las 24 horas del d\u00eda para un total de 60 personas. Como estamos en un contexto de emergencia sanitaria, para este a\u00f1o se deber\u00e1 dar especial cumplimiento a las instrucciones y sugerencias&nbsp;&nbsp;establecidas por la autoridad sanitaria para resguardar la salud de los usuarios y trabajadores\u201d.<\/p>\n\n\n\n<p>Para postular a esta convocatoria las instituciones privadas con personalidad jur\u00eddica sin fines de lucro, municipalidades y organismos del Gobierno Central deber\u00e1n solicitar invitaci\u00f3n para acceder a la plataforma virtual del Sistema de Gesti\u00f3n de Convenios del ministerio (SIGEC) hasta las 14:00 horas de este jueves 25 de febrero, seg\u00fan lo indicado en las bases disponibles en&nbsp;<a href=\"https:\/\/bit.ly\/3dGVNiq\" target=\"_blank\" rel=\"noreferrer noopener\">https:\/\/bit.ly\/3dGVNiq<\/a>.<\/p>\n\n\n\n<p>Las instituciones interesadas podr\u00e1n solicitar invitaci\u00f3n enviando un email a&nbsp;<a href=\"mailto:fepul@desarrollosocial.cl\" target=\"_blank\" rel=\"noreferrer noopener\">fepul@desarrollosocial.cl<\/a>, con copia a&nbsp;<a href=\"mailto:mdiazb@desarrollosocial.cl\" target=\"_blank\" rel=\"noreferrer noopener\">mdiazb@desarrollosocial.cl<\/a>, se\u00f1alando el dispositivo al cual desean postular. Adem\u00e1s por esta v\u00eda se podr\u00e1 solicitar la creaci\u00f3n de la cuenta de usuario y contrase\u00f1a para la utilizaci\u00f3n de la plataforma virtual SIGEC, pudiendo adem\u00e1s realizar consultas referentes al concurso.<\/p>\n\n\n\n<p>La transferencia de los recursos se efectuar\u00e1 en relaci\u00f3n a los convenios que el ministerio suscriba con los organismos ejecutores, quedando estipuladas las acciones a desarrollar y las normas exigidas para la implementaci\u00f3n de cada albergue.<\/p>\n","protected":false},"excerpt":{"rendered":"<p>El Ministerio de Desarrollo Social y Familia, a trav\u00e9s de la Subsecretaria de Servicios Sociales, realiz\u00f3 un llamado a concurso para que personas jur\u00eddicas implementen en las comunas de Punta&#8230; <a class=\"read-more\" href=\"https:\/\/www.radiopresidenteibanez.cl\/web\/desarrollo-social-y-familia-realiza-llamado-a-concurso-para-la-puesta-en-marcha-de-tres-albergues-en-magallanes\/\">Leer m\u00e1s<\/a><\/p>\n","protected":false},"author":2,"featured_media":18795,"comment_status":"closed","ping_status":"closed","sticky":false,"template":"","format":"standard","meta":{"footnotes":""},"categories":[1],"tags":[],"class_list":["post-18794","post","type-post","status-publish","format-standard","has-post-thumbnail","hentry","category-cronica"],"_links":{"self":[{"href":"https:\/\/www.radiopresidenteibanez.cl\/web\/wp-json\/wp\/v2\/posts\/18794","targetHints":{"allow":["GET"]}}],"collection":[{"href":"https:\/\/www.radiopresidenteibanez.cl\/web\/wp-json\/wp\/v2\/posts"}],"about":[{"href":"https:\/\/www.radiopresidenteibanez.cl\/web\/wp-json\/wp\/v2\/types\/post"}],"author":[{"embeddable":true,"href":"https:\/\/www.radiopresidenteibanez.cl\/web\/wp-json\/wp\/v2\/users\/2"}],"replies":[{"embeddable":true,"href":"https:\/\/www.radiopresidenteibanez.cl\/web\/wp-json\/wp\/v2\/comments?post=18794"}],"version-history":[{"count":0,"href":"https:\/\/www.radiopresidenteibanez.cl\/web\/wp-json\/wp\/v2\/posts\/18794\/revisions"}],"wp:featuredmedia":[{"embeddable":true,"href":"https:\/\/www.radiopresidenteibanez.cl\/web\/wp-json\/wp\/v2\/media\/18795"}],"wp:attachment":[{"href":"https:\/\/www.radiopresidenteibanez.cl\/web\/wp-json\/wp\/v2\/media?parent=18794"}],"wp:term":[{"taxonomy":"category","embeddable":true,"href":"https:\/\/www.radiopresidenteibanez.cl\/web\/wp-json\/wp\/v2\/categories?post=18794"},{"taxonomy":"post_tag","embeddable":true,"href":"https:\/\/www.radiopresidenteibanez.cl\/web\/wp-json\/wp\/v2\/tags?post=18794"}],"curies":[{"name":"wp","href":"https:\/\/api.w.org\/{rel}","templated":true}]}}