{"id":18791,"date":"2021-02-25T02:00:00","date_gmt":"2021-02-25T02:00:00","guid":{"rendered":"https:\/\/www.radiopresidenteibanez.cl\/web\/?p=18791"},"modified":"2021-02-24T14:25:06","modified_gmt":"2021-02-24T14:25:06","slug":"distrito-naval-beagle-apoya-plan-de-vacunacion-nacional-en-la-jurisdiccion-austral","status":"publish","type":"post","link":"https:\/\/www.radiopresidenteibanez.cl\/web\/distrito-naval-beagle-apoya-plan-de-vacunacion-nacional-en-la-jurisdiccion-austral\/","title":{"rendered":"DISTRITO NAVAL BEAGLE APOYA PLAN DE VACUNACI\u00d3N NACIONAL EN LA JURISDICCI\u00d3N AUSTRAL"},"content":{"rendered":"\n<p>El Distrito Naval Beagle, a trav\u00e9s de\u00a0El PSG \u201c Sibbald\u201d y la LSG \u201cAlacalufe\u201d, apoy\u00f3 el Plan de Vacunaci\u00f3n Nacional contra el COVID 19. En la ocasi\u00f3n particip\u00f3 personal m\u00e9dico del Hospital Comunitario\u00a0\u201cCristina Calder\u00f3n\u201d\u00a0y el Hospital Naval de Puerto Williams, quienes en compa\u00f1\u00eda del Gobernador de la Provincia Ant\u00e1rtica Chilena Sr. Nelson C\u00e1rcamo concurrieron a las localidades de Yendegaia, Kanasaka y Puerto Toro para efectuar la primera etapa de vacunaci\u00f3n a la poblaci\u00f3n civil de dichas localidades, oportunidad en la que tambi\u00e9n se administr\u00f3 la primera dosis a los servidores navales de las Alcald\u00edas de Mar y personal de Carabineros.<\/p>\n\n\n\n<p>La comitiva del Gobernador Provincial fue acompa\u00f1ada por el\nComandante del Distrito Naval Beagle (S), Capit\u00e1n de Fragata&nbsp;Jorge\nGuerrero Mu\u00f1oz, quien al respecto se\u00f1al\u00f3 que&nbsp;\u201cgracias\na la acci\u00f3n coordinada de los organismos de salud locales,&nbsp;Gobernaci\u00f3n&nbsp;Provincial&nbsp;y\neste distrito&nbsp;hemos sido capaces de materializar el&nbsp;operativo\nm\u00e9dico que apunta a resguardar la salud de quienes habitan en los lugares m\u00e1s\napartados de nuestro pa\u00eds. En este sentido, pude apreciar en terreno el\nagradecimiento de las comunidades locales respecto al trabajo realizado por\nnuestro personal en esta importante tarea.&nbsp;Esta\nactividad viene a reafirmar el buen trabajo interagencial efectuado en conjunto\ncon las autoridades locales y nuestro compromiso permanente con el apoyo hacia\nlas comunidades aisladas que&nbsp;hacen patria en el extremo sur\u201d, agreg\u00f3.&nbsp;<\/p>\n","protected":false},"excerpt":{"rendered":"<p>El Distrito Naval Beagle, a trav\u00e9s de\u00a0El PSG \u201c Sibbald\u201d y la LSG \u201cAlacalufe\u201d, apoy\u00f3 el Plan de Vacunaci\u00f3n Nacional contra el COVID 19. En la ocasi\u00f3n particip\u00f3 personal m\u00e9dico&#8230; <a class=\"read-more\" href=\"https:\/\/www.radiopresidenteibanez.cl\/web\/distrito-naval-beagle-apoya-plan-de-vacunacion-nacional-en-la-jurisdiccion-austral\/\">Leer m\u00e1s<\/a><\/p>\n","protected":false},"author":2,"featured_media":18792,"comment_status":"closed","ping_status":"closed","sticky":false,"template":"","format":"standard","meta":{"footnotes":""},"categories":[1],"tags":[],"class_list":["post-18791","post","type-post","status-publish","format-standard","has-post-thumbnail","hentry","category-cronica"],"_links":{"self":[{"href":"https:\/\/www.radiopresidenteibanez.cl\/web\/wp-json\/wp\/v2\/posts\/18791","targetHints":{"allow":["GET"]}}],"collection":[{"href":"https:\/\/www.radiopresidenteibanez.cl\/web\/wp-json\/wp\/v2\/posts"}],"about":[{"href":"https:\/\/www.radiopresidenteibanez.cl\/web\/wp-json\/wp\/v2\/types\/post"}],"author":[{"embeddable":true,"href":"https:\/\/www.radiopresidenteibanez.cl\/web\/wp-json\/wp\/v2\/users\/2"}],"replies":[{"embeddable":true,"href":"https:\/\/www.radiopresidenteibanez.cl\/web\/wp-json\/wp\/v2\/comments?post=18791"}],"version-history":[{"count":0,"href":"https:\/\/www.radiopresidenteibanez.cl\/web\/wp-json\/wp\/v2\/posts\/18791\/revisions"}],"wp:featuredmedia":[{"embeddable":true,"href":"https:\/\/www.radiopresidenteibanez.cl\/web\/wp-json\/wp\/v2\/media\/18792"}],"wp:attachment":[{"href":"https:\/\/www.radiopresidenteibanez.cl\/web\/wp-json\/wp\/v2\/media?parent=18791"}],"wp:term":[{"taxonomy":"category","embeddable":true,"href":"https:\/\/www.radiopresidenteibanez.cl\/web\/wp-json\/wp\/v2\/categories?post=18791"},{"taxonomy":"post_tag","embeddable":true,"href":"https:\/\/www.radiopresidenteibanez.cl\/web\/wp-json\/wp\/v2\/tags?post=18791"}],"curies":[{"name":"wp","href":"https:\/\/api.w.org\/{rel}","templated":true}]}}