{"id":18785,"date":"2021-02-24T04:00:00","date_gmt":"2021-02-24T04:00:00","guid":{"rendered":"https:\/\/www.radiopresidenteibanez.cl\/web\/?p=18785"},"modified":"2021-02-23T22:53:49","modified_gmt":"2021-02-23T22:53:49","slug":"ministerio-de-economia-anuncia-que-gimnasios-podran-funcionar-a-partir-del-paso-2","status":"publish","type":"post","link":"https:\/\/www.radiopresidenteibanez.cl\/web\/ministerio-de-economia-anuncia-que-gimnasios-podran-funcionar-a-partir-del-paso-2\/","title":{"rendered":"MINISTERIO DE ECONOM\u00cdA ANUNCIA QUE GIMNASIOS PODR\u00c1N FUNCIONAR A PARTIR DEL PASO 2"},"content":{"rendered":"\n<p>El\nministro de Econom\u00eda, Fomento y Turismo, Lucas Palacios, junto a la ministra del\nDeporte, Cecilia P\u00e9rez, el subsecretario de Econom\u00eda, Julio Pertuz\u00e9, la seremi\nde Salud metropolitana, Paula Labra, y la presidenta de la Asociaci\u00f3n de\nGimnasios de Chile, Marcela D\u00edaz, anunciaron hoy que los gimnasios nacionales\npodr\u00e1n funcionar en el Paso 2 del plan del Gobierno.<\/p>\n\n\n\n<p>En\neste contexto, el ministro Palacios destac\u00f3 la autorizaci\u00f3n otorgada por el\nMinisterio de Salud, dado el impacto que tiene esta medida en materia de\nempleo. \u201cQuiero agradecer al Ministerio de Salud que siempre nos apoya para ir\navanzando en un objetivo com\u00fan.&nbsp; En el\nGobierno somos un equipo que est\u00e1 buscando la forma de superar la pandemia,\npersonas sanas para ir recuperando poco a poco las distintas actividades que\ntodos necesitamos, y tambi\u00e9n el empleo que ha sido muy golpeado durante toda\nesta pandemia\u201d. <\/p>\n\n\n\n<p>Junto\ncon lo anterior, el jefe de la cartera precis\u00f3 que \u201cel rubro de los gimnasios\nincluye aproximadamente a dos mil gimnasios a nivel nacional. Representa 15.000\npuestos de trabajo directo y 30.000 puestos de trabajo indirecto. Estamos\nhablando de 45.000 puestos de trabajo que han estado en condiciones\nextraordinariamente dif\u00edciles este a\u00f1o. Por lo tanto, hemos ido avanzando, con\nestos protocolos, para que puedan ir retornando a sus actividades, puedan ir\nvolviendo a su trabajo, y de esa manera alimentar a su familia\u201d.<\/p>\n\n\n\n<p>De\nesta forma, a partir de ma\u00f1ana, los recintos cerrados de las comunas que est\u00e9n\nen etapa de Transici\u00f3n del plan Paso a Paso podr\u00e1n abrir sus puertas en la\nmedida que en las salas de actividades dirigidas se permita el ingreso m\u00e1ximo\nde 5 personas, y que en la sala de m\u00e1quinas se respete el aforo m\u00e1ximo de una\npersona cada ocho metros cuadrados. El distanciamiento m\u00ednimo entre deportistas\nseguir\u00e1 siendo a todo evento de dos metros. <\/p>\n\n\n\n<p>Para los espacios\nexteriores de los gimnasios en etapa de Transici\u00f3n, en tanto, la normativa\npermitir\u00e1 concentrar un m\u00e1ximo de diez personas y sin superar la presencia de una\npersona cada 8 metros cuadrados respecto del espacio disponible.<\/p>\n\n\n\n<p>Por su parte, la\nministra del Deporte, Cecilia P\u00e9rez, coment\u00f3 que \u201ctodos los emprendedores, los\ndue\u00f1os de recintos deportivos como son los gimnasios, han puesto todo lo que ha\nse\u00f1alado la autoridad sanitaria para poder seguir avanzando en este caso en\ncomunas que est\u00e9n en fase 2. Pero si los deportistas no se cuidan, no son\nresponsables, la verdad es que es muy dif\u00edcil todos los esfuerzos que se puedan\nhacer si no est\u00e1 esa responsabilidad personal. Por eso, el llamado es a seguir\ncuid\u00e1ndose para que juntos podamos continuar abriendo nuevos espacios\u201d. <\/p>\n\n\n\n<p>En tanto, la seremi de Salud metropolitana, Paula Labra,\nse\u00f1al\u00f3 que \u201csabemos que el deporte y la actividad f\u00edsica beneficia directamente\nla salud tanto f\u00edsica como mental de las personas. Y, por lo tanto, que los\ngimnasios puedan ahora abrir en fase 2 beneficia y mejorar\u00e1 directamente la\nsalud de nuestros ciudadanos. Pero esto se va a hacer de manera segura y por\neso se ha establecido un protocolo desde el ministerio de Salud con medidas\nespeciales para su funcionamiento de manera que disminuyamos el riesgo de\ncontagio en estos lugares\u201d.<\/p>\n\n\n\n<p>En esta misma l\u00ednea, Marcela D\u00edaz, presidenta\nde la Asociaci\u00f3n de Gimnasios de Chile, dijo que \u201cpor fin estamos viendo la luz\nal final del t\u00fanel de, pr\u00e1cticamente, sin ingresos con p\u00e9rdidas de empleos de\nalrededor de un 50%, con gimnasios que cerca de 30% quiz\u00e1s nunca abra, pero\nahora venimos a reconstruir todo esto. Con esta nueva etapa de poder abrir en\nfase 2 se hace mucho m\u00e1s esperanzador el poder reconstruir nuestro gremio, es\nun gremio demasiado importante porque, aparte de todos los empleos que\ngeneramos, est\u00e1 la poblaci\u00f3n que necesita hacer deporte\u201d.<\/p>\n","protected":false},"excerpt":{"rendered":"<p>El ministro de Econom\u00eda, Fomento y Turismo, Lucas Palacios, junto a la ministra del Deporte, Cecilia P\u00e9rez, el subsecretario de Econom\u00eda, Julio Pertuz\u00e9, la seremi de Salud metropolitana, Paula Labra,&#8230; <a class=\"read-more\" href=\"https:\/\/www.radiopresidenteibanez.cl\/web\/ministerio-de-economia-anuncia-que-gimnasios-podran-funcionar-a-partir-del-paso-2\/\">Leer m\u00e1s<\/a><\/p>\n","protected":false},"author":2,"featured_media":18786,"comment_status":"closed","ping_status":"closed","sticky":false,"template":"","format":"standard","meta":{"footnotes":""},"categories":[1],"tags":[],"class_list":["post-18785","post","type-post","status-publish","format-standard","has-post-thumbnail","hentry","category-cronica"],"_links":{"self":[{"href":"https:\/\/www.radiopresidenteibanez.cl\/web\/wp-json\/wp\/v2\/posts\/18785","targetHints":{"allow":["GET"]}}],"collection":[{"href":"https:\/\/www.radiopresidenteibanez.cl\/web\/wp-json\/wp\/v2\/posts"}],"about":[{"href":"https:\/\/www.radiopresidenteibanez.cl\/web\/wp-json\/wp\/v2\/types\/post"}],"author":[{"embeddable":true,"href":"https:\/\/www.radiopresidenteibanez.cl\/web\/wp-json\/wp\/v2\/users\/2"}],"replies":[{"embeddable":true,"href":"https:\/\/www.radiopresidenteibanez.cl\/web\/wp-json\/wp\/v2\/comments?post=18785"}],"version-history":[{"count":0,"href":"https:\/\/www.radiopresidenteibanez.cl\/web\/wp-json\/wp\/v2\/posts\/18785\/revisions"}],"wp:featuredmedia":[{"embeddable":true,"href":"https:\/\/www.radiopresidenteibanez.cl\/web\/wp-json\/wp\/v2\/media\/18786"}],"wp:attachment":[{"href":"https:\/\/www.radiopresidenteibanez.cl\/web\/wp-json\/wp\/v2\/media?parent=18785"}],"wp:term":[{"taxonomy":"category","embeddable":true,"href":"https:\/\/www.radiopresidenteibanez.cl\/web\/wp-json\/wp\/v2\/categories?post=18785"},{"taxonomy":"post_tag","embeddable":true,"href":"https:\/\/www.radiopresidenteibanez.cl\/web\/wp-json\/wp\/v2\/tags?post=18785"}],"curies":[{"name":"wp","href":"https:\/\/api.w.org\/{rel}","templated":true}]}}