{"id":18782,"date":"2021-02-24T03:45:00","date_gmt":"2021-02-24T03:45:00","guid":{"rendered":"https:\/\/www.radiopresidenteibanez.cl\/web\/?p=18782"},"modified":"2021-02-23T22:49:37","modified_gmt":"2021-02-23T22:49:37","slug":"ministra-de-agricultura-valoro-la-entrega-de-alimentos-saludables-y-la-diversidad-productiva-que-desarrollan-las-familias-campesinas-en-magallanes","status":"publish","type":"post","link":"https:\/\/www.radiopresidenteibanez.cl\/web\/ministra-de-agricultura-valoro-la-entrega-de-alimentos-saludables-y-la-diversidad-productiva-que-desarrollan-las-familias-campesinas-en-magallanes\/","title":{"rendered":"MINISTRA DE AGRICULTURA VALOR\u00d3 LA ENTREGA DE ALIMENTOS SALUDABLES Y LA DIVERSIDAD PRODUCTIVA QUE DESARROLLAN LAS FAMILIAS CAMPESINAS EN MAGALLANES"},"content":{"rendered":"\n<p>Rub\u00e9n Barrientos y Juana Igor, junto a sus tres hijos, abandonaron la vida citadina y la seguridad econ\u00f3mica que ten\u00edan en Punta Arenas para vivir de la tierra y en poco m\u00e1s de un lustro lograron conformar un peque\u00f1o imperio productivo, diverso, con hortalizas, algunos pocos patos, ovejas y en el que, por ahora, el sustento econ\u00f3mico principal viene de la venta de huevos de las gallinas felices.&nbsp;&nbsp;Hay m\u00e1s de 400 recorriendo el predio.&nbsp;<\/p>\n\n\n\n<p>\u201cEl cambio de vida es gigantesco, sacrificado, dif\u00edcil, pero el beneficio y la mejora en la calidad de vida es enorme\u201d, cont\u00f3 Rub\u00e9n Barrientos a la Ministra de Agricultura, Mar\u00eda Emilia Undurraga y a la delegaci\u00f3n de autoridades del agro que la acompa\u00f1\u00f3 en su primera visita a la regi\u00f3n.&nbsp;<\/p>\n\n\n\n<p>La escena transcurre a 28&nbsp;kil\u00f3metros al sur de Punta Arenas, de cara al Estrecho de Magallanes, en el sector de Agua Fresca, bajo el manto de una brisa suave al principio y con r\u00e1fagas sobre los 80 kil\u00f3metros por la tarde.&nbsp;<\/p>\n\n\n\n<p>Ah\u00ed la delegaci\u00f3n conoci\u00f3 el minitractor, la cegadora, los 750 metros lineales de cortinas corta viento, los paneles solares, el invernadero, gallinero y la incubadora, entre otros elementos de apoyo que ha entregado el Ministerio de Agricultura, INDAP y el Gobierno Regional.&nbsp;<\/p>\n\n\n\n<p>\u201cHay un apoyo importante, sin INDAP ser\u00eda imposible avanzar o todo ir\u00eda mucho m\u00e1s lento\u201d, precis\u00f3 Barrientos.&nbsp;<\/p>\n\n\n\n<p>Tras conocer el gallinero, los cultivos, y los avances de infraestructura agraria, la ministra junto la&nbsp;delegaci\u00f3n de autoridades del agro se dirigi\u00f3 hacia el sector periurbano de Villa Generosa, al predio de Maura Elisa Nail y su esposo, Jos\u00e9 Naguil L\u00f3pez.&nbsp;<\/p>\n\n\n\n<p>En parcela que no supera el cuarto de hect\u00e1rea asoman invernaderos de Metalcom, siembras de papas, hortalizas, y zapallos italianos gigantes. Cada espacio est\u00e1 perfectamente aprovechado y refleja en parte el tipo de agricultura que se realiza en la zona, con per\u00edodos cortos de producci\u00f3n y con una lucha permanente contra las condiciones clim\u00e1ticas.&nbsp;<\/p>\n\n\n\n<p>Gratamente sorprendida por el trabajo, la m\u00e1xima autoridad de la cartera se comprometi\u00f3 a seguir apoyando al mundo campesino y destac\u00f3 el esfuerzo que realizan las familias campesinas de Magallanes para acortar el invierno y entregar alimentos sanos y frescos a la comunidad.&nbsp;<\/p>\n\n\n\n<p>\u201cQueremos promover esta agricultura familiar que lo que hace es entregarnos alimentos saludables y nutritivos, manteniendo un estilo de vida que queremos valorar y destacar\u201d, expres\u00f3 la Ministra de Agricultura, Mar\u00eda Emilia Undurraga.&nbsp;<\/p>\n\n\n\n<p>A su vez, se mostr\u00f3 agradecida por las familias que \u201cabrieron sus puertas\u201d y mostraron su estilo de vida, conectada con la naturaleza.&nbsp;<\/p>\n\n\n\n<p>Por su parte, el director nacional de INDAP, Carlos Recondo destac\u00f3 el apoyo que realiza el Core y el Gobierno Regional e inst\u00f3 a mantener el v\u00ednculo para seguir mejorando la infraestructura agraria y beneficiar a toda la comunidad con productos frescos, sanos e inocuos.&nbsp;<\/p>\n\n\n\n<p>Asegur\u00f3 que el trabajo conjunto y coordinado entre los servicios del agro y los gobiernos regionales son una estrategia potente y eficaz para avanzar.&nbsp;&nbsp;&nbsp;&nbsp;<\/p>\n","protected":false},"excerpt":{"rendered":"<p>Rub\u00e9n Barrientos y Juana Igor, junto a sus tres hijos, abandonaron la vida citadina y la seguridad econ\u00f3mica que ten\u00edan en Punta Arenas para vivir de la tierra y en&#8230; <a class=\"read-more\" href=\"https:\/\/www.radiopresidenteibanez.cl\/web\/ministra-de-agricultura-valoro-la-entrega-de-alimentos-saludables-y-la-diversidad-productiva-que-desarrollan-las-familias-campesinas-en-magallanes\/\">Leer m\u00e1s<\/a><\/p>\n","protected":false},"author":2,"featured_media":18783,"comment_status":"closed","ping_status":"closed","sticky":false,"template":"","format":"standard","meta":{"footnotes":""},"categories":[1],"tags":[],"class_list":["post-18782","post","type-post","status-publish","format-standard","has-post-thumbnail","hentry","category-cronica"],"_links":{"self":[{"href":"https:\/\/www.radiopresidenteibanez.cl\/web\/wp-json\/wp\/v2\/posts\/18782","targetHints":{"allow":["GET"]}}],"collection":[{"href":"https:\/\/www.radiopresidenteibanez.cl\/web\/wp-json\/wp\/v2\/posts"}],"about":[{"href":"https:\/\/www.radiopresidenteibanez.cl\/web\/wp-json\/wp\/v2\/types\/post"}],"author":[{"embeddable":true,"href":"https:\/\/www.radiopresidenteibanez.cl\/web\/wp-json\/wp\/v2\/users\/2"}],"replies":[{"embeddable":true,"href":"https:\/\/www.radiopresidenteibanez.cl\/web\/wp-json\/wp\/v2\/comments?post=18782"}],"version-history":[{"count":0,"href":"https:\/\/www.radiopresidenteibanez.cl\/web\/wp-json\/wp\/v2\/posts\/18782\/revisions"}],"wp:featuredmedia":[{"embeddable":true,"href":"https:\/\/www.radiopresidenteibanez.cl\/web\/wp-json\/wp\/v2\/media\/18783"}],"wp:attachment":[{"href":"https:\/\/www.radiopresidenteibanez.cl\/web\/wp-json\/wp\/v2\/media?parent=18782"}],"wp:term":[{"taxonomy":"category","embeddable":true,"href":"https:\/\/www.radiopresidenteibanez.cl\/web\/wp-json\/wp\/v2\/categories?post=18782"},{"taxonomy":"post_tag","embeddable":true,"href":"https:\/\/www.radiopresidenteibanez.cl\/web\/wp-json\/wp\/v2\/tags?post=18782"}],"curies":[{"name":"wp","href":"https:\/\/api.w.org\/{rel}","templated":true}]}}