{"id":18779,"date":"2021-02-24T03:30:00","date_gmt":"2021-02-24T03:30:00","guid":{"rendered":"https:\/\/www.radiopresidenteibanez.cl\/web\/?p=18779"},"modified":"2021-02-23T22:43:32","modified_gmt":"2021-02-23T22:43:32","slug":"establecimientos-educacionales-municipales-solicitaran-lista-unica-de-utiles-escolares-y-permitiran-que-los-alumnos-y-alumnas-utilicen-el-buzo-escolar-en-vez-del-uniforme","status":"publish","type":"post","link":"https:\/\/www.radiopresidenteibanez.cl\/web\/establecimientos-educacionales-municipales-solicitaran-lista-unica-de-utiles-escolares-y-permitiran-que-los-alumnos-y-alumnas-utilicen-el-buzo-escolar-en-vez-del-uniforme\/","title":{"rendered":"ESTABLECIMIENTOS EDUCACIONALES MUNICIPALES, SOLICITAR\u00c1N LISTA UNICA DE UTILES ESCOLARES Y PERMITIRAN QUE LOS ALUMNOS Y ALUMNAS UTILICEN EL BUZO ESCOLAR EN VEZ DEL UNIFORME"},"content":{"rendered":"\n<p>Hace m\u00e1s de un a\u00f1o la concejala Ver\u00f3nica Aguilar,\nhizo un llamado a los establecimientos educacionales que dependen de la\nCORMUPA, tener m\u00e1s cuidado con las costosas lista de \u00fatiles escolares, hoy en\nla situaci\u00f3n de crisis sanitaria y econ\u00f3mica la solicitud tomo mayor\nrelevancia, y por medio de una carta al alcalde, la edil hizo la solicitud,\nse\u00f1alando que, \u201cHoy con la situaci\u00f3n actual que nos vemos enfrentados y\nconsiderando que a\u00fan no est\u00e1 claro si las clases ser\u00e1n o no presenciales\nproducto de la pandemia, es que solicite que&nbsp; se pueda generar una lista\n\u00fanica para todos los alumnos, con los productos b\u00e1sicos para enfrentar al menos\nel primer semestre de educaci\u00f3n, y que se pueda bajar tal vez por\nestablecimiento o directamente de la p\u00e1gina de la Corporaci\u00f3n, esta iniciativa\npermitir\u00e1 rebajar los costos para nuestros padres y apoderados\u201d.<\/p>\n\n\n\n<p>A su vez, la concejala Aguilar, solicit\u00f3 que los\nuniformes escolares, al menos por este a\u00f1o no sean de car\u00e1cter obligatorio,\nprivilegiando el buzo escolar y la cotona o delantal, en caso de ser necesario.<\/p>\n\n\n\n<p>Todas estas iniciativas permitir\u00e1n que nuestros\napoderados puedan rebajar costos en el inicio escolar, considerando que el mes\nde marzo es altamente exigido econ\u00f3micamente hablando, se\u00f1alo la concejala.<\/p>\n\n\n\n<p>As\u00ed, la concejala fue informada por parte de la Cormupa, que la\nsolicitud fue aceptada y ya fueron informados los directores de los establecimientos\npara que durante este a\u00f1o, se puedan hacer estos cambios, de tal forma de que\nel proceso de inicio de a\u00f1o escolar sea mas amigable, sobre todo por los altos\ncostos que esto implica.<\/p>\n\n\n\n<p>La concejala Ver\u00f3nica Aguilar, se\u00f1alo que \u201cEstoy muy contenta porque mi\nsolicitud fue aceptada, es una necesidad que hab\u00edan se\u00f1alado muchos padres y\napoderados, y creo que de esta forma podemos colaborar para que el inicio de\na\u00f1o escolar no sea una carga econ\u00f3mica para los padres, y adem\u00e1s nos da la\nposibilidad de avanzar en tener una educaci\u00f3n mas paritaria, espero que los\ncolegios informen a la comunidad educativa y que el inicio del a\u00f1o escolar, ya\nsea presencial, online o mixta, se desarrolle de forma segura para todos y\ntodas\u201d.<\/p>\n","protected":false},"excerpt":{"rendered":"<p>Hace m\u00e1s de un a\u00f1o la concejala Ver\u00f3nica Aguilar, hizo un llamado a los establecimientos educacionales que dependen de la CORMUPA, tener m\u00e1s cuidado con las costosas lista de \u00fatiles&#8230; <a class=\"read-more\" href=\"https:\/\/www.radiopresidenteibanez.cl\/web\/establecimientos-educacionales-municipales-solicitaran-lista-unica-de-utiles-escolares-y-permitiran-que-los-alumnos-y-alumnas-utilicen-el-buzo-escolar-en-vez-del-uniforme\/\">Leer m\u00e1s<\/a><\/p>\n","protected":false},"author":2,"featured_media":18780,"comment_status":"closed","ping_status":"closed","sticky":false,"template":"","format":"standard","meta":{"footnotes":""},"categories":[1],"tags":[],"class_list":["post-18779","post","type-post","status-publish","format-standard","has-post-thumbnail","hentry","category-cronica"],"_links":{"self":[{"href":"https:\/\/www.radiopresidenteibanez.cl\/web\/wp-json\/wp\/v2\/posts\/18779","targetHints":{"allow":["GET"]}}],"collection":[{"href":"https:\/\/www.radiopresidenteibanez.cl\/web\/wp-json\/wp\/v2\/posts"}],"about":[{"href":"https:\/\/www.radiopresidenteibanez.cl\/web\/wp-json\/wp\/v2\/types\/post"}],"author":[{"embeddable":true,"href":"https:\/\/www.radiopresidenteibanez.cl\/web\/wp-json\/wp\/v2\/users\/2"}],"replies":[{"embeddable":true,"href":"https:\/\/www.radiopresidenteibanez.cl\/web\/wp-json\/wp\/v2\/comments?post=18779"}],"version-history":[{"count":0,"href":"https:\/\/www.radiopresidenteibanez.cl\/web\/wp-json\/wp\/v2\/posts\/18779\/revisions"}],"wp:featuredmedia":[{"embeddable":true,"href":"https:\/\/www.radiopresidenteibanez.cl\/web\/wp-json\/wp\/v2\/media\/18780"}],"wp:attachment":[{"href":"https:\/\/www.radiopresidenteibanez.cl\/web\/wp-json\/wp\/v2\/media?parent=18779"}],"wp:term":[{"taxonomy":"category","embeddable":true,"href":"https:\/\/www.radiopresidenteibanez.cl\/web\/wp-json\/wp\/v2\/categories?post=18779"},{"taxonomy":"post_tag","embeddable":true,"href":"https:\/\/www.radiopresidenteibanez.cl\/web\/wp-json\/wp\/v2\/tags?post=18779"}],"curies":[{"name":"wp","href":"https:\/\/api.w.org\/{rel}","templated":true}]}}