{"id":18776,"date":"2021-02-24T03:15:00","date_gmt":"2021-02-24T03:15:00","guid":{"rendered":"https:\/\/www.radiopresidenteibanez.cl\/web\/?p=18776"},"modified":"2021-02-23T17:10:17","modified_gmt":"2021-02-23T17:10:17","slug":"seremi-del-trabajo-recuerda-postulacion-a-concurso-fep-2021","status":"publish","type":"post","link":"https:\/\/www.radiopresidenteibanez.cl\/web\/seremi-del-trabajo-recuerda-postulacion-a-concurso-fep-2021\/","title":{"rendered":"SEREMI DEL TRABAJO RECUERDA POSTULACI\u00d3N A CONCURSO FEP 2021"},"content":{"rendered":"\n<p>Esta semana, la Seremi del Trabajo y\nPrevisi\u00f3n Social, Victoria Cort\u00e9s, record\u00f3 a los interesados que sigue abierto\nel concurso del Fondo de Educaci\u00f3n Previsional (FEP) 2021, que este a\u00f1o\nfinanciar\u00e1 iniciativas de entre 50 y 100 millones de pesos para proyectos\nregionales que busquen dar a conocer los detalles del sistema de previsi\u00f3n\nsocial.<\/p>\n\n\n\n<p>La autoridad laboral record\u00f3 que el\nproceso de recepci\u00f3n de proyectos inici\u00f3 el pasado 12 de febrero y la primera\nfecha l\u00edmite ser\u00e1 el pr\u00f3ximo viernes 5 de marzo a las 13:00 horas, d\u00eda en que\nse cierra el plazo para las presentaciones en formato papel. Mientras que para\nlas postulaciones ingresadas online el cierre es al viernes 12 de marzo pr\u00f3ximo.<\/p>\n\n\n\n<p>\u201cEl objetivo de este fondo es\nfinanciar proyectos para entregar a la comunidad informaci\u00f3n certera y simple\nsobre el sistema previsional a fin de que todos podamos tomar buenas decisiones\nrespecto de lo que tiene que ver con nuestra previsi\u00f3n social. As\u00ed que, la\ninvitaci\u00f3n es a que participen personas naturales y jur\u00eddicas. Los montos para\ncada proyecto a financiar son bastante altos, van de 50 hasta los 100 millones\nde pesos, por tanto, la idea es que no se queden fuera\u201d, recalc\u00f3 la Seremi.<\/p>\n\n\n\n<p>Cort\u00e9s record\u00f3 que cada a\u00f1o el FEP\nprivilegia propuestas de cada una de las regiones del pa\u00eds, con iniciativas que\npueden desarrollarse en diferentes espacios o soportes comunicacionales\n(radios, televisi\u00f3n, plataformas online, digitales y en formato papel) buscando\nque la informaci\u00f3n se entregue en un lenguaje sencillo y de f\u00e1cil comprensi\u00f3n.<\/p>\n\n\n\n<p>Las bases del concurso y detalles de\nla postulaci\u00f3n contin\u00faan disponibles a trav\u00e9s del sitio <a href=\"http:\/\/www.previsionsocial.gob.cl\">www.previsionsocial.gob.cl<\/a>, en el banner del \u201cFondo para la Educaci\u00f3n\nPrevisional (FEP)\u201d a un costado de la p\u00e1gina web.<\/p>\n","protected":false},"excerpt":{"rendered":"<p>Esta semana, la Seremi del Trabajo y Previsi\u00f3n Social, Victoria Cort\u00e9s, record\u00f3 a los interesados que sigue abierto el concurso del Fondo de Educaci\u00f3n Previsional (FEP) 2021, que este a\u00f1o&#8230; <a class=\"read-more\" href=\"https:\/\/www.radiopresidenteibanez.cl\/web\/seremi-del-trabajo-recuerda-postulacion-a-concurso-fep-2021\/\">Leer m\u00e1s<\/a><\/p>\n","protected":false},"author":2,"featured_media":10712,"comment_status":"closed","ping_status":"closed","sticky":false,"template":"","format":"standard","meta":{"footnotes":""},"categories":[1],"tags":[],"class_list":["post-18776","post","type-post","status-publish","format-standard","has-post-thumbnail","hentry","category-cronica"],"_links":{"self":[{"href":"https:\/\/www.radiopresidenteibanez.cl\/web\/wp-json\/wp\/v2\/posts\/18776","targetHints":{"allow":["GET"]}}],"collection":[{"href":"https:\/\/www.radiopresidenteibanez.cl\/web\/wp-json\/wp\/v2\/posts"}],"about":[{"href":"https:\/\/www.radiopresidenteibanez.cl\/web\/wp-json\/wp\/v2\/types\/post"}],"author":[{"embeddable":true,"href":"https:\/\/www.radiopresidenteibanez.cl\/web\/wp-json\/wp\/v2\/users\/2"}],"replies":[{"embeddable":true,"href":"https:\/\/www.radiopresidenteibanez.cl\/web\/wp-json\/wp\/v2\/comments?post=18776"}],"version-history":[{"count":0,"href":"https:\/\/www.radiopresidenteibanez.cl\/web\/wp-json\/wp\/v2\/posts\/18776\/revisions"}],"wp:featuredmedia":[{"embeddable":true,"href":"https:\/\/www.radiopresidenteibanez.cl\/web\/wp-json\/wp\/v2\/media\/10712"}],"wp:attachment":[{"href":"https:\/\/www.radiopresidenteibanez.cl\/web\/wp-json\/wp\/v2\/media?parent=18776"}],"wp:term":[{"taxonomy":"category","embeddable":true,"href":"https:\/\/www.radiopresidenteibanez.cl\/web\/wp-json\/wp\/v2\/categories?post=18776"},{"taxonomy":"post_tag","embeddable":true,"href":"https:\/\/www.radiopresidenteibanez.cl\/web\/wp-json\/wp\/v2\/tags?post=18776"}],"curies":[{"name":"wp","href":"https:\/\/api.w.org\/{rel}","templated":true}]}}