{"id":18773,"date":"2021-02-24T03:00:00","date_gmt":"2021-02-24T03:00:00","guid":{"rendered":"https:\/\/www.radiopresidenteibanez.cl\/web\/?p=18773"},"modified":"2021-02-23T16:00:41","modified_gmt":"2021-02-23T16:00:41","slug":"mas-de-10-mil-familias-de-todo-el-pais-fueron-seleccionadas-con-el-subsidio-ds1-para-clase-media","status":"publish","type":"post","link":"https:\/\/www.radiopresidenteibanez.cl\/web\/mas-de-10-mil-familias-de-todo-el-pais-fueron-seleccionadas-con-el-subsidio-ds1-para-clase-media\/","title":{"rendered":"M\u00c1S DE 10 MIL FAMILIAS DE TODO EL PA\u00cdS FUERON SELECCIONADAS CON EL SUBSIDIO DS1 PARA CLASE MEDIA"},"content":{"rendered":"\n<p>El Ministerio de Vivienda y Urbanismo anunci\u00f3 que un total de 10.263 personas resultaron seleccionadas en todo el pa\u00eds con la adjudicaci\u00f3n del subsidio habitacional del Programa para Sectores Medios, beneficio que les permitir\u00e1 construir o adquirir una vivienda nueva o usada desde las 1.100 hasta 2.200 UF en promedio en la zona central del pa\u00eds, o hasta 2.600 UF en zonas extremas.<\/p>\n\n\n\n<p>Una de las principales novedades de este proceso, que corresponde al segundo llamado a postulaci\u00f3n realizado en el a\u00f1o 2020, es que incluye dos modificaciones que ampliar\u00e1n las oportunidades de acceso a una vivienda definitiva: el aumento del monto del subsidio, que en promedio sube 100 UF, y nuevos tramos permitidos para el valor de la vivienda a adquirir, que tiene un alza de hasta 200 UF.<\/p>\n\n\n\n<p>Sobre esto, el Ministro Felipe Ward puntualiz\u00f3 que \u00abEn este llamado seleccionamos a m\u00e1s de 10 mil familias de clase media del pa\u00eds que podr\u00e1n acceder a un hogar definitivo. Sabemos lo dif\u00edcil que resulta muchas veces tener una vivienda, pero como Gobierno nos comprometimos a ampliar las oportunidades para que m\u00e1s familias tengan una mejor calidad de vida y eso es lo que estamos haciendo con modificaciones al programa de Sectores Medios DS1 que aumentar\u00e1 los montos del subsidio, incluso duplicando algunos tramos, y permitir\u00e1 optar a casas o departamentos de mayor valor en todas las regiones\u00bb.<\/p>\n\n\n\n<p>Este llamado a postulaci\u00f3n se desarroll\u00f3 entre el 17 de noviembre y el 4 de diciembre del a\u00f1o pasado y producto de la pandemia por Covid-19 es que se realiz\u00f3 completamente digital y se dispuso tres v\u00edas de postulaci\u00f3n:&nbsp;<strong>autom\u00e1tica<\/strong>, destinada a los postulantes no seleccionados del primer llamado;&nbsp;<strong>en l\u00ednea<\/strong>, a la que se acced\u00eda con Clave \u00danica; y aquella realizada v\u00eda&nbsp;<strong>formulario de contacto. En total s<\/strong>e seleccionaron 9.580 (93%) familias en la modalidad de adquisici\u00f3n de viviendas y 683 (7%) para construcci\u00f3n en sitio propio.<\/p>\n\n\n\n<p>En cuanto a las regiones que concentraron mayor cantidad de beneficiados est\u00e1 la Metropolitana, con 4.470 personas, la de Valpara\u00edso con 1.206 y la del Biob\u00edo con 1.072 seleccionados.<\/p>\n\n\n\n<p><strong>Modificaciones al Programa de Sectores Medios<\/strong><\/p>\n\n\n\n<p>Con el prop\u00f3sito de aumentar y facilitar el financiamiento en la compra de una vivienda, el Minvu estableci\u00f3 un aumento en los montos del subsidio, subiendo 100 UF en promedio. Los nuevos montos para cada tramo y zona geogr\u00e1fica son los siguientes:<\/p>\n\n\n\n<p><strong>Tramo 1:<\/strong><\/p>\n\n\n\n<p>\u00fc&nbsp;&nbsp;Aumenta de&nbsp;<strong>500 a 600<\/strong>&nbsp;UF para viviendas de hasta 1.100 UF en las regiones de Coquimbo a Los Lagos.<\/p>\n\n\n\n<p>\u00fc&nbsp;&nbsp;Aumenta de&nbsp;<strong>600 a 700<\/strong>&nbsp;UF Regiones Zona Norte y Chilo\u00e9, para viviendas de hasta 1.200 UF.<\/p>\n\n\n\n<p>\u00fc&nbsp;&nbsp;Aumenta de&nbsp;<strong>700 a 750<\/strong>&nbsp;Regiones Extremo Sur, para viviendas de hasta 1.200 UF.<\/p>\n\n\n\n<p><em>*El monto de subsidio es fijo y solo es posible la adquisici\u00f3n de viviendas.<\/em><\/p>\n\n\n\n<p><strong>Tramo 2 y tramo 3:<\/strong><\/p>\n\n\n\n<p><strong>Regiones de Coquimbo a Los Lagos<\/strong><\/p>\n\n\n\n<p>\u00fc&nbsp;&nbsp;En el tramo 2, el subsidio m\u00ednimo ser\u00e1 de 250 UF y el m\u00e1ximo de 550 UF.<\/p>\n\n\n\n<p>\u00fc&nbsp;&nbsp;En el tramo 3, el subsidio m\u00ednimo ser\u00e1 de 250 UF y el m\u00e1ximo de 400 UF.<\/p>\n\n\n\n<p><strong>Regiones de la zona norte (Arica y Parinacota hasta Atacama) y Provincia de Chilo\u00e9<\/strong><\/p>\n\n\n\n<p>\u00fc&nbsp;&nbsp;En el tramo 2 el subsidio m\u00ednimo es de 350 UF y el m\u00e1ximo de 650 UF<\/p>\n\n\n\n<p>\u00fc&nbsp;&nbsp;En el tramo 3 el subsidio m\u00ednimo ser\u00e1 de 350 UF y el m\u00e1ximo de 500 UF.<\/p>\n\n\n\n<p><strong>Regiones extremo Sur (Ays\u00e9n y Magallanes).<\/strong><\/p>\n\n\n\n<p>\u00fc&nbsp;&nbsp;En el tramo 2 el subsidio m\u00ednimo es de 400 UF y el m\u00e1ximo de 700 UF.<\/p>\n\n\n\n<p>\u00fc&nbsp;&nbsp;En el tramo 3 el subsidio m\u00ednimo ser\u00e1 de 350 UF y el m\u00e1ximo de 500 UF.<\/p>\n\n\n\n<p><strong>Nuevos tramos de precio de las viviendas<\/strong><\/p>\n\n\n\n<p>Adem\u00e1s, para este llamado tambi\u00e9n entraron en vigencia lo nuevos tramos de precio de vivienda, en que se aumentan los valores m\u00e1ximos en que el beneficiario puede usar el subsidio, ampliando la oferta para que los beneficiarios puedan comprar o construir.<\/p>\n\n\n\n<p><strong>Modalidad Adquisici\u00f3n<\/strong><\/p>\n\n\n\n<figure class=\"wp-block-table\"><table class=\"\"><tbody><tr><td>L\u00edmite precio vivienda<\/td><td>Antes<\/td><td><strong>Actual<\/strong><\/td><\/tr><tr><td>Tramo 1<\/td><td>Hasta 1.000 UF<\/td><td><strong>Hasta 1.100\/1.200* UF<\/strong><\/td><\/tr><tr><td>Tramo 2<\/td><td>Hasta 1.400\/ 1.600* UF<\/td><td><strong>Hasta 1.600\/1.800* UF<\/strong><\/td><\/tr><tr><td>Tramo 3<\/td><td>Hasta 2.200 \/2.400* UF<\/td><td><strong>Hasta&nbsp; 2.200 \/2.600* UF<\/strong><\/td><\/tr><\/tbody><\/table><\/figure>\n\n\n\n<p><strong>Modalidad Construcci\u00f3n en Sitio Propio<\/strong><\/p>\n\n\n\n<p>\u00fc&nbsp;&nbsp;Tramo 2: Hasta 1.600 UF en todas las regiones<\/p>\n\n\n\n<p>\u00fc&nbsp;&nbsp;Tramo 3: Hasta 2.200 en todas las regiones.<\/p>\n","protected":false},"excerpt":{"rendered":"<p>El Ministerio de Vivienda y Urbanismo anunci\u00f3 que un total de 10.263 personas resultaron seleccionadas en todo el pa\u00eds con la adjudicaci\u00f3n del subsidio habitacional del Programa para Sectores Medios,&#8230; <a class=\"read-more\" href=\"https:\/\/www.radiopresidenteibanez.cl\/web\/mas-de-10-mil-familias-de-todo-el-pais-fueron-seleccionadas-con-el-subsidio-ds1-para-clase-media\/\">Leer m\u00e1s<\/a><\/p>\n","protected":false},"author":2,"featured_media":18774,"comment_status":"closed","ping_status":"closed","sticky":false,"template":"","format":"standard","meta":{"footnotes":""},"categories":[1],"tags":[],"class_list":["post-18773","post","type-post","status-publish","format-standard","has-post-thumbnail","hentry","category-cronica"],"_links":{"self":[{"href":"https:\/\/www.radiopresidenteibanez.cl\/web\/wp-json\/wp\/v2\/posts\/18773","targetHints":{"allow":["GET"]}}],"collection":[{"href":"https:\/\/www.radiopresidenteibanez.cl\/web\/wp-json\/wp\/v2\/posts"}],"about":[{"href":"https:\/\/www.radiopresidenteibanez.cl\/web\/wp-json\/wp\/v2\/types\/post"}],"author":[{"embeddable":true,"href":"https:\/\/www.radiopresidenteibanez.cl\/web\/wp-json\/wp\/v2\/users\/2"}],"replies":[{"embeddable":true,"href":"https:\/\/www.radiopresidenteibanez.cl\/web\/wp-json\/wp\/v2\/comments?post=18773"}],"version-history":[{"count":0,"href":"https:\/\/www.radiopresidenteibanez.cl\/web\/wp-json\/wp\/v2\/posts\/18773\/revisions"}],"wp:featuredmedia":[{"embeddable":true,"href":"https:\/\/www.radiopresidenteibanez.cl\/web\/wp-json\/wp\/v2\/media\/18774"}],"wp:attachment":[{"href":"https:\/\/www.radiopresidenteibanez.cl\/web\/wp-json\/wp\/v2\/media?parent=18773"}],"wp:term":[{"taxonomy":"category","embeddable":true,"href":"https:\/\/www.radiopresidenteibanez.cl\/web\/wp-json\/wp\/v2\/categories?post=18773"},{"taxonomy":"post_tag","embeddable":true,"href":"https:\/\/www.radiopresidenteibanez.cl\/web\/wp-json\/wp\/v2\/tags?post=18773"}],"curies":[{"name":"wp","href":"https:\/\/api.w.org\/{rel}","templated":true}]}}