{"id":18770,"date":"2021-02-24T02:45:00","date_gmt":"2021-02-24T02:45:00","guid":{"rendered":"https:\/\/www.radiopresidenteibanez.cl\/web\/?p=18770"},"modified":"2021-02-23T15:57:43","modified_gmt":"2021-02-23T15:57:43","slug":"carabineros-realizo-operativo-ante-hallazgo-de-una-granada-en-la-via-publica","status":"publish","type":"post","link":"https:\/\/www.radiopresidenteibanez.cl\/web\/carabineros-realizo-operativo-ante-hallazgo-de-una-granada-en-la-via-publica\/","title":{"rendered":"CARABINEROS REALIZ\u00d3 OPERATIVO ANTE HALLAZGO DE UNA GRANADA EN LA V\u00cdA P\u00daBLICA"},"content":{"rendered":"\n<p>Hasta las calles Oscar Viel con Zenteno, en la poblaci\u00f3n R\u00edo\nde la Mano, debi\u00f3 dirigirse personal del GOPE de Carabineros, quienes fueron\nalertados por vecinos del hallazgo de una granada en la v\u00eda p\u00fablica.<\/p>\n\n\n\n<p>Afortunadamente, este elemento explosivo se encontraba en\ndesuso, siendo trasladado hasta la unidad policial para establecer su origen y realizar\nsu destrucci\u00f3n. Ante esto, los antecedentes fueron puesto a disposici\u00f3n de la Fiscal\u00eda\nquien determin\u00f3 que personal de la SIP, realice las diligencias respectivas en estos\nhechos.<\/p>\n\n\n\n<p>Hasta el momento se desconoce si existen c\u00e1maras en el sector para esclarecer como lleg\u00f3 esta granada al lugar.<\/p>\n\n\n\n<p><\/p>\n\n\n\n<p>CHH\/ imagen rr.ss<\/p>\n","protected":false},"excerpt":{"rendered":"<p>Hasta las calles Oscar Viel con Zenteno, en la poblaci\u00f3n R\u00edo de la Mano, debi\u00f3 dirigirse personal del GOPE de Carabineros, quienes fueron alertados por vecinos del hallazgo de una&#8230; <a class=\"read-more\" href=\"https:\/\/www.radiopresidenteibanez.cl\/web\/carabineros-realizo-operativo-ante-hallazgo-de-una-granada-en-la-via-publica\/\">Leer m\u00e1s<\/a><\/p>\n","protected":false},"author":2,"featured_media":18771,"comment_status":"closed","ping_status":"closed","sticky":false,"template":"","format":"standard","meta":{"footnotes":""},"categories":[1],"tags":[],"class_list":["post-18770","post","type-post","status-publish","format-standard","has-post-thumbnail","hentry","category-cronica"],"_links":{"self":[{"href":"https:\/\/www.radiopresidenteibanez.cl\/web\/wp-json\/wp\/v2\/posts\/18770","targetHints":{"allow":["GET"]}}],"collection":[{"href":"https:\/\/www.radiopresidenteibanez.cl\/web\/wp-json\/wp\/v2\/posts"}],"about":[{"href":"https:\/\/www.radiopresidenteibanez.cl\/web\/wp-json\/wp\/v2\/types\/post"}],"author":[{"embeddable":true,"href":"https:\/\/www.radiopresidenteibanez.cl\/web\/wp-json\/wp\/v2\/users\/2"}],"replies":[{"embeddable":true,"href":"https:\/\/www.radiopresidenteibanez.cl\/web\/wp-json\/wp\/v2\/comments?post=18770"}],"version-history":[{"count":0,"href":"https:\/\/www.radiopresidenteibanez.cl\/web\/wp-json\/wp\/v2\/posts\/18770\/revisions"}],"wp:featuredmedia":[{"embeddable":true,"href":"https:\/\/www.radiopresidenteibanez.cl\/web\/wp-json\/wp\/v2\/media\/18771"}],"wp:attachment":[{"href":"https:\/\/www.radiopresidenteibanez.cl\/web\/wp-json\/wp\/v2\/media?parent=18770"}],"wp:term":[{"taxonomy":"category","embeddable":true,"href":"https:\/\/www.radiopresidenteibanez.cl\/web\/wp-json\/wp\/v2\/categories?post=18770"},{"taxonomy":"post_tag","embeddable":true,"href":"https:\/\/www.radiopresidenteibanez.cl\/web\/wp-json\/wp\/v2\/tags?post=18770"}],"curies":[{"name":"wp","href":"https:\/\/api.w.org\/{rel}","templated":true}]}}