{"id":18767,"date":"2021-02-24T02:30:00","date_gmt":"2021-02-24T02:30:00","guid":{"rendered":"https:\/\/www.radiopresidenteibanez.cl\/web\/?p=18767"},"modified":"2021-02-23T15:20:24","modified_gmt":"2021-02-23T15:20:24","slug":"covid-19-en-ninos-aunque-su-riesgo-sea-bajo-no-son-inmunes","status":"publish","type":"post","link":"https:\/\/www.radiopresidenteibanez.cl\/web\/covid-19-en-ninos-aunque-su-riesgo-sea-bajo-no-son-inmunes\/","title":{"rendered":"COVID-19 EN NI\u00d1OS: AUNQUE SU RIESGO SEA BAJO, NO SON INMUNES"},"content":{"rendered":"\n<p>A pocos d\u00edas que comience el a\u00f1o escolar, seg\u00fan lo dispuesto por el Ministerio de Educaci\u00f3n, poco se ha hablado de los contagios y efectos del coronavirus en ni\u00f1os, ni\u00f1as y adolescentes (NNA). Si bien los m\u00e1s afectados con esta pandemia han sido los adultos mayores y personas con enfermedades cr\u00f3nicas, los ni\u00f1os no est\u00e1n exentos de generar complicaciones en caso de contraer el virus.<\/p>\n\n\n\n<p>Si bien sus posibilidades de desarrollar una enfermedad grave son mucho menores, s\u00ed se han registrado casos complejos. Pero, m\u00e1s importante a\u00fan, ya sean casos con s\u00edntomas leves o asintom\u00e1ticos, los ni\u00f1os y adolescentes siguen propagando la enfermedad, siendo estos \u00faltimos los m\u00e1s \u201ccontagiantes\u201d, de acuerdo a un reciente estudio publicado por la prestigiosa revista m\u00e9dica The Lancet. Por eso, Paula Molina, qu\u00edmico farmac\u00e9utico de Farmacias Ahumada, hace hincapi\u00e9 en que las familias deben estar atentas a los s\u00edntomas que puedan desarrollar los menores de la casa.<\/p>\n\n\n\n<p>\u201cLos s\u00edntomas son parecidos en adultos, ni\u00f1os y adolescentes, pero en el caso de los menores, puede ser m\u00e1s f\u00e1cil confundirlos con otras afecciones como una gripe, faringitis o alergia. De acuerdo al Centro de Control y Prevenci\u00f3n de Enfermedades (CDC), los s\u00edntomas que m\u00e1s predominan son fiebre y tos, pero se pueden agregar la congesti\u00f3n nasal, diarrea, n\u00e1useas y v\u00f3mitos, dolores estomacales y falta de apetito, sobre todo en ni\u00f1os menores de un a\u00f1o\u201d, coment\u00f3 la facultativa.<\/p>\n\n\n\n<p>En el estudio m\u00e1s grande del mundo en pacientes menores hospitalizados, liderado por investigadores de las universidades de Edimburgo y Liverpool, el Imperial College London y el Royal Hospital for Children en Reino Unido, se destacan ciertas variables como la obesidad, la afrodescendencia y tener menos de un mes de vida como factores de riesgo para desarrollar una enfermedad grave.<\/p>\n\n\n\n<p>Adem\u00e1s, en esta misma investigaci\u00f3n, se identificaron nuevas se\u00f1ales de un s\u00edndrome de inflamaci\u00f3n grave que aumenta significativamente el riesgo de que los menores requieran de tratamiento intensivo. El denominado&nbsp; S\u00edndrome Inflamatorio Multisist\u00e9mico en Ni\u00f1os (MIS-C, por sus siglas en ingl\u00e9s) puede reflejarse con otros s\u00edntomas como la conjuntivitis, sarpullido o problemas gastrointestinales, adem\u00e1s de dolor de cabeza, cansancio extremo,&nbsp; dolores musculares, dificultad para respirar y piel o labios azulados, entre los m\u00e1s visibles. Pero tambi\u00e9n, con una disminuci\u00f3n de plaquetas en los ni\u00f1os que lo padecen.<\/p>\n\n\n\n<p>\u201cPor esto, es importante reconocerlos y acudir a un centro de salud de forma r\u00e1pida \u2013 tomando todas las medidas de cuidado- ya que la combinaci\u00f3n de los s\u00edntomas podr\u00e1 ayudar a los especialistas a identificar de forma prematura a un ni\u00f1o contagiado y que est\u00e9 desarrollando un MIS-C\u201d, explica Molina.<\/p>\n\n\n\n<p>Por otro lado, la farmac\u00e9utica indica que el proceso de vacunaci\u00f3n que se est\u00e1 llevando a cabo en Chile es alentador, a\u00fan cuando no existan vacunas aprobadas para menores de 16 a\u00f1os. \u201cLos ensayos cl\u00ednicos en NNA est\u00e1n reci\u00e9n comenzando, pero si la poblaci\u00f3n de riesgo y gran parte de los adultos logran vacunarse, los ni\u00f1os estar\u00e1n mucho m\u00e1s protegidos, y esto incluye a profesores, auxiliares de aseo, administrativos, t\u00edos y t\u00edas de furgones escolares, entre otros, frente a un eventual regreso a clases presenciales\u201d, comenta.<\/p>\n\n\n\n<p>Sin embargo, los especialistas se\u00f1alan que hasta que no exista una vacuna que se pueda aplicar en ni\u00f1os, estos servir\u00e1n como reservorios del virus, retrasando y haciendo m\u00e1s dificultoso poner fin a la pandemia.&nbsp; Igualmente, y a pesar de que el virus actuar\u00eda de forma m\u00e1s leve en menores de edad, en una investigaci\u00f3n realizada en 2020, Chile contaba con una tasa de letalidad en ni\u00f1os mucho m\u00e1s alta que otros pa\u00edses en el mundo, como Estados Unidos, hecho que deber\u00eda mantenernos en alerta.<\/p>\n\n\n\n<p>Por esto, para la facultativa \u201ces fundamental continuar con las medidas de cuidado como el uso de mascarillas, el lavado frecuente de manos, practicar la distancia f\u00edsica y la desinfecci\u00f3n e higiene de los lugares que habitan, adem\u00e1s de mantenerse en el hogar el mayor tiempo posible, aunque esto resulte mucho m\u00e1s dif\u00edcil para ni\u00f1os y adolescentes. A\u00fan falta para que podamos volver a una vida medianamente normal, por eso es necesario que todos pongamos de nuestra parte para superar este periodo\u201d, finaliza.&nbsp;<br><\/p>\n","protected":false},"excerpt":{"rendered":"<p>A pocos d\u00edas que comience el a\u00f1o escolar, seg\u00fan lo dispuesto por el Ministerio de Educaci\u00f3n, poco se ha hablado de los contagios y efectos del coronavirus en ni\u00f1os, ni\u00f1as&#8230; <a class=\"read-more\" href=\"https:\/\/www.radiopresidenteibanez.cl\/web\/covid-19-en-ninos-aunque-su-riesgo-sea-bajo-no-son-inmunes\/\">Leer m\u00e1s<\/a><\/p>\n","protected":false},"author":2,"featured_media":18768,"comment_status":"closed","ping_status":"closed","sticky":false,"template":"","format":"standard","meta":{"footnotes":""},"categories":[1],"tags":[],"class_list":["post-18767","post","type-post","status-publish","format-standard","has-post-thumbnail","hentry","category-cronica"],"_links":{"self":[{"href":"https:\/\/www.radiopresidenteibanez.cl\/web\/wp-json\/wp\/v2\/posts\/18767","targetHints":{"allow":["GET"]}}],"collection":[{"href":"https:\/\/www.radiopresidenteibanez.cl\/web\/wp-json\/wp\/v2\/posts"}],"about":[{"href":"https:\/\/www.radiopresidenteibanez.cl\/web\/wp-json\/wp\/v2\/types\/post"}],"author":[{"embeddable":true,"href":"https:\/\/www.radiopresidenteibanez.cl\/web\/wp-json\/wp\/v2\/users\/2"}],"replies":[{"embeddable":true,"href":"https:\/\/www.radiopresidenteibanez.cl\/web\/wp-json\/wp\/v2\/comments?post=18767"}],"version-history":[{"count":0,"href":"https:\/\/www.radiopresidenteibanez.cl\/web\/wp-json\/wp\/v2\/posts\/18767\/revisions"}],"wp:featuredmedia":[{"embeddable":true,"href":"https:\/\/www.radiopresidenteibanez.cl\/web\/wp-json\/wp\/v2\/media\/18768"}],"wp:attachment":[{"href":"https:\/\/www.radiopresidenteibanez.cl\/web\/wp-json\/wp\/v2\/media?parent=18767"}],"wp:term":[{"taxonomy":"category","embeddable":true,"href":"https:\/\/www.radiopresidenteibanez.cl\/web\/wp-json\/wp\/v2\/categories?post=18767"},{"taxonomy":"post_tag","embeddable":true,"href":"https:\/\/www.radiopresidenteibanez.cl\/web\/wp-json\/wp\/v2\/tags?post=18767"}],"curies":[{"name":"wp","href":"https:\/\/api.w.org\/{rel}","templated":true}]}}