{"id":18764,"date":"2021-02-24T02:15:00","date_gmt":"2021-02-24T02:15:00","guid":{"rendered":"https:\/\/www.radiopresidenteibanez.cl\/web\/?p=18764"},"modified":"2021-02-23T15:18:20","modified_gmt":"2021-02-23T15:18:20","slug":"autoridades-hicieron-importantes-anuncios-para-el-parque-nacional-torres-del-paine","status":"publish","type":"post","link":"https:\/\/www.radiopresidenteibanez.cl\/web\/autoridades-hicieron-importantes-anuncios-para-el-parque-nacional-torres-del-paine\/","title":{"rendered":"AUTORIDADES HICIERON IMPORTANTES ANUNCIOS PARA EL PARQUE NACIONAL TORRES DEL PAINE"},"content":{"rendered":"\n<p>Con la\npresencia de la ministra de Agricultura, Mar\u00eda Emilia Undurraga, junto a\ndiversas autoridades regionales entre las que se encontraba la intendenta\nJennifer Rojas y la gobernadora Ericka Far\u00edas, fue que en el sector de la\nporter\u00eda de Laguna Amarga, en el Parque Nacional Torres del Paine, se realiz\u00f3\nde manera oficial el lanzamiento del sistema electr\u00f3nico de venta de tickets\npara acceder a \u00e1reas silvestres protegidas.<\/p>\n\n\n\n<p>Sobre\nesto, la ministra Undurraga coment\u00f3 \u201cesto es parte de un convenio entre el\nsector privado y Conaf, as\u00ed vamos a poder ir desarrollando los distintos\nservicios para poder acercar nuestros parques a todos los chilenos y a gente\nque viene de afuera\u201d.<\/p>\n\n\n\n<p>En\ntanto, la gobernadora de \u00daltima Esperanza, Ericka Far\u00edas, \u201cjunto a distintas\nautoridades pudimos apreciar el sistema electr\u00f3nico de tickets que tiene el\nParque Nacional, el cual es muy moderno, ya que va a permitir tener informaci\u00f3n\nsobre los visitantes que est\u00e1n dentro del parque, tambi\u00e9n evitar\u00e1 que se\nproduzcan aglomeraciones en las porter\u00edas, eso es algo muy importante, ya que\nno debemos descuidar las medidas sanitarias\u201d.<\/p>\n\n\n\n<p>La\nimplementaci\u00f3n de este sistema se concret\u00f3 gracias a una alianza p\u00fablico\nprivada en donde Conaf junto a HYST (Asociaci\u00f3n de Hoteles y Servicios\nTur\u00edsticos de Torres del Paine), llevaron a cabo un convenio colaborativo para\ndesarrollar esta plataforma que permitir\u00e1 que los turistas adquieran sus\nentradas de manera online a trav\u00e9s del sitio http:\/\/aspticket.cl\/<\/p>\n\n\n\n<p>Esta\nvisita, adem\u00e1s consider\u00f3 el desplazamiento a otro sector del parque, ocasi\u00f3n en\nla que pudieron acercarse al sector donde se almacenan los materiales que\nservir\u00e1n para la construcci\u00f3n de cinco guarder\u00edas que se ubicar\u00e1n en los\nsectores de monta\u00f1a del parque: Italiano, Paso, Base Torres y Dickson, en este\n\u00faltimo se construir\u00e1n dos caba\u00f1as.<\/p>\n\n\n\n<p>Sobre\nesto, la gobernadora se\u00f1al\u00f3 que \u201cestuvimos apreciando los materiales con los\nque se construir\u00e1n estos refugios, financiados a trav\u00e9s de fondos regionales,\neso nos tiene muy contentos porque va a ser un progreso para que podamos estar\npreparados para las temporadas a las que est\u00e1bamos acostumbrados, con muchos\nturistas dentro del parque\u201d.<\/p>\n","protected":false},"excerpt":{"rendered":"<p>Con la presencia de la ministra de Agricultura, Mar\u00eda Emilia Undurraga, junto a diversas autoridades regionales entre las que se encontraba la intendenta Jennifer Rojas y la gobernadora Ericka Far\u00edas,&#8230; <a class=\"read-more\" href=\"https:\/\/www.radiopresidenteibanez.cl\/web\/autoridades-hicieron-importantes-anuncios-para-el-parque-nacional-torres-del-paine\/\">Leer m\u00e1s<\/a><\/p>\n","protected":false},"author":2,"featured_media":18765,"comment_status":"closed","ping_status":"closed","sticky":false,"template":"","format":"standard","meta":{"footnotes":""},"categories":[1],"tags":[],"class_list":["post-18764","post","type-post","status-publish","format-standard","has-post-thumbnail","hentry","category-cronica"],"_links":{"self":[{"href":"https:\/\/www.radiopresidenteibanez.cl\/web\/wp-json\/wp\/v2\/posts\/18764","targetHints":{"allow":["GET"]}}],"collection":[{"href":"https:\/\/www.radiopresidenteibanez.cl\/web\/wp-json\/wp\/v2\/posts"}],"about":[{"href":"https:\/\/www.radiopresidenteibanez.cl\/web\/wp-json\/wp\/v2\/types\/post"}],"author":[{"embeddable":true,"href":"https:\/\/www.radiopresidenteibanez.cl\/web\/wp-json\/wp\/v2\/users\/2"}],"replies":[{"embeddable":true,"href":"https:\/\/www.radiopresidenteibanez.cl\/web\/wp-json\/wp\/v2\/comments?post=18764"}],"version-history":[{"count":0,"href":"https:\/\/www.radiopresidenteibanez.cl\/web\/wp-json\/wp\/v2\/posts\/18764\/revisions"}],"wp:featuredmedia":[{"embeddable":true,"href":"https:\/\/www.radiopresidenteibanez.cl\/web\/wp-json\/wp\/v2\/media\/18765"}],"wp:attachment":[{"href":"https:\/\/www.radiopresidenteibanez.cl\/web\/wp-json\/wp\/v2\/media?parent=18764"}],"wp:term":[{"taxonomy":"category","embeddable":true,"href":"https:\/\/www.radiopresidenteibanez.cl\/web\/wp-json\/wp\/v2\/categories?post=18764"},{"taxonomy":"post_tag","embeddable":true,"href":"https:\/\/www.radiopresidenteibanez.cl\/web\/wp-json\/wp\/v2\/tags?post=18764"}],"curies":[{"name":"wp","href":"https:\/\/api.w.org\/{rel}","templated":true}]}}