{"id":18761,"date":"2021-02-24T02:00:00","date_gmt":"2021-02-24T02:00:00","guid":{"rendered":"https:\/\/www.radiopresidenteibanez.cl\/web\/?p=18761"},"modified":"2021-02-23T15:14:42","modified_gmt":"2021-02-23T15:14:42","slug":"funcionarios-del-ips-y-chileatiende-de-magallanes-recibieron-primera-dosis-de-la-vacuna-contra-el-covid-19","status":"publish","type":"post","link":"https:\/\/www.radiopresidenteibanez.cl\/web\/funcionarios-del-ips-y-chileatiende-de-magallanes-recibieron-primera-dosis-de-la-vacuna-contra-el-covid-19\/","title":{"rendered":"FUNCIONARIOS DEL IPS Y CHILEATIENDE DE MAGALLANES RECIBIERON PRIMERA DOSIS DE LA VACUNA CONTRA EL COVID-19"},"content":{"rendered":"\n<p>Desde hace unos d\u00edas, todos los funcionarios del Instituto\nde Previsi\u00f3n Social y sus sucursales ChileAtiende en la regi\u00f3n de Magallanes y\nAnt\u00e1rtica Chilena, ya recibieron la primera dosis de la vacuna contra el\nCovid19, para poder atender a sus usuarios con mayor tranquilidad.<\/p>\n\n\n\n<p>\u201cEstamos muy contentos de que los funcionarios del IPS de la\nregi\u00f3n de Magallanes ya tienen su primera dosis de la vacuna contra el Covid19.\nEsto nos deja muy tranquilos, marca una luz de esperanza, en el sentido que\nellos han estado siempre muy en primera l\u00ednea atendiendo durante toda la\npandemia todas las consultas ciudadanas. Es un servicio que le ha puesto el\nhombro a toda esta contingencia que ha sido muy, muy dura\u201d, afirm\u00f3 la seremi\ndel Trabajo y Previsi\u00f3n Social, Victoria Cort\u00e9s Schiattino.<\/p>\n\n\n\n<p>Por su parte, el director regional del IPS, Eduardo Barahona\nKompatzki, indic\u00f3 que \u201ces un importante paso el que damos como instituci\u00f3n\ngracias a las autoridades, tanto nacionales como locales, en que nosotros que\nsomos la primera puerta de entrada a una infinidad de servicios donde la gente\nnos consulta sobre beneficios, sobre distintas oportunidades que se necesitan,\nde que todos nuestros funcionarios y funcionarias a nivel regional puedan estar\nya inoculados en esta primera dosis\u201d.<\/p>\n\n\n\n<p>Los funcionarios tambi\u00e9n destacaron el proceso que fue muy\nexpedito y les permitir\u00e1 estar protegidos para atender de manera m\u00e1s segura a\nla comunidad. \u201cPara nosotros es muy importante como IPS tener acceso y ser\nparte de este proceso hist\u00f3rico que nos permite estar mucho m\u00e1s preparados y\nenfocados en mantener la continuidad de la atenci\u00f3n con nuestros usuarios\u201d,\nse\u00f1al\u00f3 Julio Far\u00edas Salinas.<\/p>\n\n\n\n<p>La vacunaci\u00f3n se llev\u00f3 a cabo por la totalidad de los\nfuncionarios de Punta Arenas, Puerto Natales, Puerto Williams y Porvenir.<\/p>\n","protected":false},"excerpt":{"rendered":"<p>Desde hace unos d\u00edas, todos los funcionarios del Instituto de Previsi\u00f3n Social y sus sucursales ChileAtiende en la regi\u00f3n de Magallanes y Ant\u00e1rtica Chilena, ya recibieron la primera dosis de&#8230; <a class=\"read-more\" href=\"https:\/\/www.radiopresidenteibanez.cl\/web\/funcionarios-del-ips-y-chileatiende-de-magallanes-recibieron-primera-dosis-de-la-vacuna-contra-el-covid-19\/\">Leer m\u00e1s<\/a><\/p>\n","protected":false},"author":2,"featured_media":18762,"comment_status":"closed","ping_status":"closed","sticky":false,"template":"","format":"standard","meta":{"footnotes":""},"categories":[1],"tags":[],"class_list":["post-18761","post","type-post","status-publish","format-standard","has-post-thumbnail","hentry","category-cronica"],"_links":{"self":[{"href":"https:\/\/www.radiopresidenteibanez.cl\/web\/wp-json\/wp\/v2\/posts\/18761","targetHints":{"allow":["GET"]}}],"collection":[{"href":"https:\/\/www.radiopresidenteibanez.cl\/web\/wp-json\/wp\/v2\/posts"}],"about":[{"href":"https:\/\/www.radiopresidenteibanez.cl\/web\/wp-json\/wp\/v2\/types\/post"}],"author":[{"embeddable":true,"href":"https:\/\/www.radiopresidenteibanez.cl\/web\/wp-json\/wp\/v2\/users\/2"}],"replies":[{"embeddable":true,"href":"https:\/\/www.radiopresidenteibanez.cl\/web\/wp-json\/wp\/v2\/comments?post=18761"}],"version-history":[{"count":0,"href":"https:\/\/www.radiopresidenteibanez.cl\/web\/wp-json\/wp\/v2\/posts\/18761\/revisions"}],"wp:featuredmedia":[{"embeddable":true,"href":"https:\/\/www.radiopresidenteibanez.cl\/web\/wp-json\/wp\/v2\/media\/18762"}],"wp:attachment":[{"href":"https:\/\/www.radiopresidenteibanez.cl\/web\/wp-json\/wp\/v2\/media?parent=18761"}],"wp:term":[{"taxonomy":"category","embeddable":true,"href":"https:\/\/www.radiopresidenteibanez.cl\/web\/wp-json\/wp\/v2\/categories?post=18761"},{"taxonomy":"post_tag","embeddable":true,"href":"https:\/\/www.radiopresidenteibanez.cl\/web\/wp-json\/wp\/v2\/tags?post=18761"}],"curies":[{"name":"wp","href":"https:\/\/api.w.org\/{rel}","templated":true}]}}