{"id":18759,"date":"2021-02-23T14:54:26","date_gmt":"2021-02-23T14:54:26","guid":{"rendered":"https:\/\/www.radiopresidenteibanez.cl\/web\/?p=18759"},"modified":"2021-02-23T14:54:31","modified_gmt":"2021-02-23T14:54:31","slug":"sujeto-fue-condenado-por-abusar-sexualmente-de-nina-de-12-anos-de-edad","status":"publish","type":"post","link":"https:\/\/www.radiopresidenteibanez.cl\/web\/sujeto-fue-condenado-por-abusar-sexualmente-de-nina-de-12-anos-de-edad\/","title":{"rendered":"SUJETO FUE CONDENADO POR ABUSAR SEXUALMENTE DE NI\u00d1A DE 12 A\u00d1OS DE EDAD"},"content":{"rendered":"\n<p>P.O.M.B fue condenado hoy, a la pena de 3 a\u00f1os y\nun d\u00eda de libertad vigilada intensiva como autor del delito consumado de abuso sexual en contra de una\nmenor&nbsp; de 12 a\u00f1os a la \u00e9poca del hecho. <\/p>\n\n\n\n<p>Asimismo no podr\u00e1 aproximarse a la v\u00edctima y\nestar\u00e1 inhabilitado&nbsp; para ejercer cargos\nen el \u00e1mbito escolar,&nbsp; debiendo adem\u00e1s\ncumplir \u00edntegramente un plan de trabajo determinado por un delegado el cual se\npondr\u00e1 en conocimiento del Tribunal Oral en lo Penal,&nbsp; de la Fiscal\u00eda y Defensa del acusado,\nfij\u00e1ndose para ello una pr\u00f3xima audiencia.<\/p>\n\n\n\n<p>Cabe recordar que durante el juicio, el Fiscal\nFernando Dobson acredit\u00f3 ante el Tribunal Oral en lo Penal, la participaci\u00f3n punible\ndel acusado mediante prueba testimonial, pericial y\ndocumental que indicaba que en febrero a\u00f1o 2017, la victima de 12 a\u00f1os particip\u00f3\nen un cumplea\u00f1os en la casa donde viv\u00eda el acusado, yendo en un momento de la\nnoche a una de las habitaciones a ver una pel\u00edcula junto a un primo, lugar al\nque tambi\u00e9n lleg\u00f3 el Moyano Barrientos, quien se acost\u00f3 al lado de la ni\u00f1a &nbsp;y &nbsp;al\ncabo de un rato cuando ella y su primo se quedaron dormidos, comenz\u00f3 a realizar\nacciones de significaci\u00f3n sexual lo que la despert\u00f3, continuando el adulto con\nlos actos abusivos.<\/p>\n","protected":false},"excerpt":{"rendered":"<p>P.O.M.B fue condenado hoy, a la pena de 3 a\u00f1os y un d\u00eda de libertad vigilada intensiva como autor del delito consumado de abuso sexual en contra de una menor&nbsp;&#8230; <a class=\"read-more\" href=\"https:\/\/www.radiopresidenteibanez.cl\/web\/sujeto-fue-condenado-por-abusar-sexualmente-de-nina-de-12-anos-de-edad\/\">Leer m\u00e1s<\/a><\/p>\n","protected":false},"author":2,"featured_media":740,"comment_status":"closed","ping_status":"closed","sticky":false,"template":"","format":"standard","meta":{"footnotes":""},"categories":[1],"tags":[],"class_list":["post-18759","post","type-post","status-publish","format-standard","has-post-thumbnail","hentry","category-cronica"],"_links":{"self":[{"href":"https:\/\/www.radiopresidenteibanez.cl\/web\/wp-json\/wp\/v2\/posts\/18759","targetHints":{"allow":["GET"]}}],"collection":[{"href":"https:\/\/www.radiopresidenteibanez.cl\/web\/wp-json\/wp\/v2\/posts"}],"about":[{"href":"https:\/\/www.radiopresidenteibanez.cl\/web\/wp-json\/wp\/v2\/types\/post"}],"author":[{"embeddable":true,"href":"https:\/\/www.radiopresidenteibanez.cl\/web\/wp-json\/wp\/v2\/users\/2"}],"replies":[{"embeddable":true,"href":"https:\/\/www.radiopresidenteibanez.cl\/web\/wp-json\/wp\/v2\/comments?post=18759"}],"version-history":[{"count":0,"href":"https:\/\/www.radiopresidenteibanez.cl\/web\/wp-json\/wp\/v2\/posts\/18759\/revisions"}],"wp:featuredmedia":[{"embeddable":true,"href":"https:\/\/www.radiopresidenteibanez.cl\/web\/wp-json\/wp\/v2\/media\/740"}],"wp:attachment":[{"href":"https:\/\/www.radiopresidenteibanez.cl\/web\/wp-json\/wp\/v2\/media?parent=18759"}],"wp:term":[{"taxonomy":"category","embeddable":true,"href":"https:\/\/www.radiopresidenteibanez.cl\/web\/wp-json\/wp\/v2\/categories?post=18759"},{"taxonomy":"post_tag","embeddable":true,"href":"https:\/\/www.radiopresidenteibanez.cl\/web\/wp-json\/wp\/v2\/tags?post=18759"}],"curies":[{"name":"wp","href":"https:\/\/api.w.org\/{rel}","templated":true}]}}