{"id":18750,"date":"2021-02-23T14:39:18","date_gmt":"2021-02-23T14:39:18","guid":{"rendered":"https:\/\/www.radiopresidenteibanez.cl\/web\/?p=18750"},"modified":"2021-02-23T14:39:23","modified_gmt":"2021-02-23T14:39:23","slug":"candidato-a-concejal-daniel-oyarzo-cuestiona-licitacion-de-estacionamientos-en-punta-arenas","status":"publish","type":"post","link":"https:\/\/www.radiopresidenteibanez.cl\/web\/candidato-a-concejal-daniel-oyarzo-cuestiona-licitacion-de-estacionamientos-en-punta-arenas\/","title":{"rendered":"CANDIDATO A CONCEJAL DANIEL OYARZO CUESTIONA LICITACI\u00d3N DE ESTACIONAMIENTOS EN PUNTA ARENAS"},"content":{"rendered":"\n<p>Desde el lunes 22 de febrero todos los autos que se estacionen en el centro deber\u00e1n pagar 20 pesos por minuto e ir\u00e1 aumentando al pasar los a\u00f1os del contrato firmado por la actual administraci\u00f3n.<\/p>\n\n\n\n<p>Como \u201cun abuso\u201d calific\u00f3 el nuevo cobro de\nestacionamiento en las c\u00e9ntricas calles de la comuna, el candidato a concejal\npor Punta Arenas, Daniel Oyarzo Vargas, tras conocerse el comienzo del cobro de\n20 pesos por minuto a contar del lunes 22 de febrero.<\/p>\n\n\n\n<p>Oyarzo recalc\u00f3 que \u201cestacionarse en Vitacura,\nafuera de su shopping, cuesta 15 pesos el minuto. Estamos hablando de la comuna\nm\u00e1s cara del pa\u00eds y su estacionamiento es m\u00e1s econ\u00f3mico que el nuestro\u201d, esto\nseg\u00fan datos de la UTEM y la Organizaci\u00f3n de Consumidores y Usuarios.<\/p>\n\n\n\n<p>Adem\u00e1s, el candidato a concejal cuestion\u00f3 el\ndesarrollo de la comuna, argumentando que \u201ctenemos que ver cu\u00e1l ser\u00e1 la forma\nde relacionarnos como municipio. Si es por entregar trabajo a nuestra gente,\npor qu\u00e9 no se pens\u00f3 en hacer una cooperativa con los trabajadores, haciendo que\nellos se encarguen de la operatividad. Con eso hacemos que los trabajadores\nganen m\u00e1s y los usuarios, que son todos los automovilistas, tambi\u00e9n paguen\nmenos\u201d.<\/p>\n\n\n\n<p>La nueva empresa a cargo tendr\u00e1 una duraci\u00f3n\npor 5 a\u00f1os, lo que traspasa incluso las decisiones de la futura administraci\u00f3n\nmunicipal y los montos se ir\u00e1n aumentando paulatinamente que se cargar\u00e1n de\nforma directa a los ciudadanos.<\/p>\n\n\n\n<p>\u201cDebemos terminar con esta l\u00f3gica de negocio\nen todo \u00e1mbito. Yo me pregunto, aparte de un monto muy menor mensual a los\ncontratos anteriores, que van a ser 300 millones, sobre los 25 mil millones que\nes el presupuesto municipal. \u00bfqu\u00e9 le deja esta empresa a la ciudad?, \u00bfarreglar\u00e1\nlas calles? \u00bfel mobiliario? Nada, y explotar\u00e1 un bien de espacio p\u00fablico que es\nde todos\u201d, acus\u00f3 el candidato.<\/p>\n\n\n\n<p>Oyarzo concluy\u00f3 reflexionando que \u201clas nuevas\nautoridades tienen la obligaci\u00f3n de darle una vuelta a este tipo de cosas. As\u00ed\ncomo nuestra relaci\u00f3n con la cultura y los cobros car\u00edsimos de entradas al\nfestival de la Patagonia, donde existen recursos p\u00fablicos comprometidos y que\nno permiten que sea de acceso a toda la ciudadan\u00eda\u201d. <\/p>\n","protected":false},"excerpt":{"rendered":"<p>Desde el lunes 22 de febrero todos los autos que se estacionen en el centro deber\u00e1n pagar 20 pesos por minuto e ir\u00e1 aumentando al pasar los a\u00f1os del contrato&#8230; <a class=\"read-more\" href=\"https:\/\/www.radiopresidenteibanez.cl\/web\/candidato-a-concejal-daniel-oyarzo-cuestiona-licitacion-de-estacionamientos-en-punta-arenas\/\">Leer m\u00e1s<\/a><\/p>\n","protected":false},"author":2,"featured_media":18751,"comment_status":"closed","ping_status":"closed","sticky":false,"template":"","format":"standard","meta":{"footnotes":""},"categories":[5],"tags":[],"class_list":["post-18750","post","type-post","status-publish","format-standard","has-post-thumbnail","hentry","category-politica"],"_links":{"self":[{"href":"https:\/\/www.radiopresidenteibanez.cl\/web\/wp-json\/wp\/v2\/posts\/18750","targetHints":{"allow":["GET"]}}],"collection":[{"href":"https:\/\/www.radiopresidenteibanez.cl\/web\/wp-json\/wp\/v2\/posts"}],"about":[{"href":"https:\/\/www.radiopresidenteibanez.cl\/web\/wp-json\/wp\/v2\/types\/post"}],"author":[{"embeddable":true,"href":"https:\/\/www.radiopresidenteibanez.cl\/web\/wp-json\/wp\/v2\/users\/2"}],"replies":[{"embeddable":true,"href":"https:\/\/www.radiopresidenteibanez.cl\/web\/wp-json\/wp\/v2\/comments?post=18750"}],"version-history":[{"count":0,"href":"https:\/\/www.radiopresidenteibanez.cl\/web\/wp-json\/wp\/v2\/posts\/18750\/revisions"}],"wp:featuredmedia":[{"embeddable":true,"href":"https:\/\/www.radiopresidenteibanez.cl\/web\/wp-json\/wp\/v2\/media\/18751"}],"wp:attachment":[{"href":"https:\/\/www.radiopresidenteibanez.cl\/web\/wp-json\/wp\/v2\/media?parent=18750"}],"wp:term":[{"taxonomy":"category","embeddable":true,"href":"https:\/\/www.radiopresidenteibanez.cl\/web\/wp-json\/wp\/v2\/categories?post=18750"},{"taxonomy":"post_tag","embeddable":true,"href":"https:\/\/www.radiopresidenteibanez.cl\/web\/wp-json\/wp\/v2\/tags?post=18750"}],"curies":[{"name":"wp","href":"https:\/\/api.w.org\/{rel}","templated":true}]}}