{"id":18742,"date":"2021-02-23T02:30:00","date_gmt":"2021-02-23T02:30:00","guid":{"rendered":"https:\/\/www.radiopresidenteibanez.cl\/web\/?p=18742"},"modified":"2021-02-22T14:33:47","modified_gmt":"2021-02-22T14:33:47","slug":"con-inedita-intervencion-ciudadana-greenpeace-hace-un-llamado-por-un-chile-sin-plasticos","status":"publish","type":"post","link":"https:\/\/www.radiopresidenteibanez.cl\/web\/con-inedita-intervencion-ciudadana-greenpeace-hace-un-llamado-por-un-chile-sin-plasticos\/","title":{"rendered":"CON IN\u00c9DITA INTERVENCI\u00d3N CIUDADANA GREENPEACE HACE UN LLAMADO POR UN \u201cCHILE SIN PL\u00c1STICOS\u201d"},"content":{"rendered":"\n<p>Como\nparte del cierre de la campa\u00f1a \u201cChile sin Pl\u00e1sticos\u201d Greenpeace intervino el\nPaseo Bulnes, frente a La Moneda, con un holograma proyectado a 50 metros de\naltura y de 90 m2, con el objetivo de hacer un llamado a exigir alternativas a\nlos pl\u00e1sticos de un solo uso. &nbsp;<\/p>\n\n\n\n<p>Desde\nla organizaci\u00f3n ambientalista, Soledad Acu\u00f1a, vocera del movimiento indic\u00f3 que \u201cesta intervenci\u00f3n es un llamado a todos los\nsectores: sociedad civil, organizaciones, corporaciones, gobierno, para que en\nconjunto podamos tener un Chile libre de pl\u00e1sticos. O gana la Tierra o la contaminaci\u00f3n pl\u00e1stica\u201d. <\/p>\n\n\n\n<p>El\nholograma, que mezcla ciencia, arte y tecnolog\u00eda, est\u00e1 dise\u00f1ado para generar\nrealidad virtual y acercamiento de los distintas zonas del planeta. \u201cNos hemos\ndado cuenta de la importancia que tiene estar, acercarse y mirar los\necosistemas para generar una real conexi\u00f3n con los significados de proteger,\nconservar y preservar nuestra tierra\u201d, &nbsp;enfatiza Soledad Acu\u00f1a. &nbsp;<\/p>\n\n\n\n<p>Este\nprototipo es el m\u00e1s grande que se haya hecho a la intemperie en Chile y\nLatinoam\u00e9rica. Requiere un proyector de al menos 15.000 l\u00famenes y una tela con\nciertas caracter\u00edsticas para lograr efectos hologr\u00e1ficos. \u201cFue un trabajo de\ndiez meses. Probamos m\u00e1s de 20 tipos de telas y texturas para lograr el efecto.\nEl proyector que se usa es l\u00e1ser de larga duraci\u00f3n, de alta eficiencia y bajo\nconsumo el\u00e9ctrico\u201d, comenta Paz Quintana, una de las fundadoras de Midda, que\njunto a ingenieros e ingenieras f\u00edsicas realizaron el holograma.<\/p>\n\n\n\n<p>La invitaci\u00f3n es a llegar a\nlas 100 mil firmas ingresando a&nbsp;<a href=\"http:\/\/www.chilesinplasticos.cl\/\" target=\"_blank\" rel=\"noreferrer noopener\">www.chilesinplasticos.cl<\/a>&nbsp;y sumarse a un movimiento que busca una alternativa libre de\npl\u00e1stico para los consumidores.&nbsp;<\/p>\n","protected":false},"excerpt":{"rendered":"<p>Como parte del cierre de la campa\u00f1a \u201cChile sin Pl\u00e1sticos\u201d Greenpeace intervino el Paseo Bulnes, frente a La Moneda, con un holograma proyectado a 50 metros de altura y de&#8230; <a class=\"read-more\" href=\"https:\/\/www.radiopresidenteibanez.cl\/web\/con-inedita-intervencion-ciudadana-greenpeace-hace-un-llamado-por-un-chile-sin-plasticos\/\">Leer m\u00e1s<\/a><\/p>\n","protected":false},"author":2,"featured_media":18743,"comment_status":"closed","ping_status":"closed","sticky":false,"template":"","format":"standard","meta":{"footnotes":""},"categories":[1],"tags":[],"class_list":["post-18742","post","type-post","status-publish","format-standard","has-post-thumbnail","hentry","category-cronica"],"_links":{"self":[{"href":"https:\/\/www.radiopresidenteibanez.cl\/web\/wp-json\/wp\/v2\/posts\/18742","targetHints":{"allow":["GET"]}}],"collection":[{"href":"https:\/\/www.radiopresidenteibanez.cl\/web\/wp-json\/wp\/v2\/posts"}],"about":[{"href":"https:\/\/www.radiopresidenteibanez.cl\/web\/wp-json\/wp\/v2\/types\/post"}],"author":[{"embeddable":true,"href":"https:\/\/www.radiopresidenteibanez.cl\/web\/wp-json\/wp\/v2\/users\/2"}],"replies":[{"embeddable":true,"href":"https:\/\/www.radiopresidenteibanez.cl\/web\/wp-json\/wp\/v2\/comments?post=18742"}],"version-history":[{"count":0,"href":"https:\/\/www.radiopresidenteibanez.cl\/web\/wp-json\/wp\/v2\/posts\/18742\/revisions"}],"wp:featuredmedia":[{"embeddable":true,"href":"https:\/\/www.radiopresidenteibanez.cl\/web\/wp-json\/wp\/v2\/media\/18743"}],"wp:attachment":[{"href":"https:\/\/www.radiopresidenteibanez.cl\/web\/wp-json\/wp\/v2\/media?parent=18742"}],"wp:term":[{"taxonomy":"category","embeddable":true,"href":"https:\/\/www.radiopresidenteibanez.cl\/web\/wp-json\/wp\/v2\/categories?post=18742"},{"taxonomy":"post_tag","embeddable":true,"href":"https:\/\/www.radiopresidenteibanez.cl\/web\/wp-json\/wp\/v2\/tags?post=18742"}],"curies":[{"name":"wp","href":"https:\/\/api.w.org\/{rel}","templated":true}]}}