{"id":18739,"date":"2021-02-23T14:15:00","date_gmt":"2021-02-23T14:15:00","guid":{"rendered":"https:\/\/www.radiopresidenteibanez.cl\/web\/?p=18739"},"modified":"2021-02-22T14:30:55","modified_gmt":"2021-02-22T14:30:55","slug":"como-mantener-el-monitoreo-de-pacientes-cronicos-tras-aplicacion-de-la-vacuna-contra-el-covid-19","status":"publish","type":"post","link":"https:\/\/www.radiopresidenteibanez.cl\/web\/como-mantener-el-monitoreo-de-pacientes-cronicos-tras-aplicacion-de-la-vacuna-contra-el-covid-19\/","title":{"rendered":"C\u00d3MO MANTENER EL MONITOREO DE PACIENTES CR\u00d3NICOS TRAS APLICACI\u00d3N DE LA VACUNA CONTRA EL COVID-19"},"content":{"rendered":"\n<p>Durante\nlas tres primeras semanas de campa\u00f1a de inmunizaci\u00f3n masiva en Chile, ya se\nsuperan los dos millones y medio de personas vacunadas, principalmente de la\ntercera edad. El objetivo, es inmunizar a todos los mayores de 65 a\u00f1os antes\ndel 19 de febrero para que toda la poblaci\u00f3n de riesgo, enfermos cr\u00f3nicos,\npersonal sanitario se vacune durante el primer trimestre de 2021.<\/p>\n\n\n\n<p>De\nesta forma, pareciera que estamos pasando la \u00faltima etapa del camino de esta\npandemia, que comenz\u00f3 en Chile hace un a\u00f1o y que ha cobrado la vida de miles de\npersonas. Sin embargo, a\u00fan hay una ruta por recorrer y los especialistas llaman\na no bajar la guardia y a mantener el monitoreo constante de aquellos pacientes\ncr\u00f3nicos que siguen corriendo riesgo, mientras no tengan una segunda dosis\naplicada.<\/p>\n\n\n\n<p>As\u00ed\nlo explican los profesionales cl\u00ednicos de&nbsp;Avis.Care, un servicio de\nmonitoreo de salud 24\/7, que cuenta con m\u00e1s de 20 a\u00f1os de experiencia en el\n\u00e1rea de salud, y que desarroll\u00f3 una aplicaci\u00f3n, que se ha convertido en una\nentretenida forma de cuidar la diabetes, hipertensi\u00f3n y alteraciones cardiacas\ncon el soporte de un equipo cl\u00ednico especializado.<\/p>\n\n\n\n<p>Pamela&nbsp;Mayorga,\nEnfermera Jefe del equipo de monitoreo, se\u00f1ala que la aplicaci\u00f3n de la vacuna\nes una buena noticia, principalmente para los pacientes con enfermedades\ncr\u00f3nicas, quienes deben mantener controladas sus patolog\u00edas, mientras dure el\nproceso y principalmente entre la primera y segunda dosis.<\/p>\n\n\n\n<p>Agrega\nque la eficacia de la primera dosis comienza a proteger a los pacientes 10 d\u00edas\ndespu\u00e9s de la inyecci\u00f3n, y la segunda reduce el riesgo de desarrollar COVID-19\nen un 95% en comparaci\u00f3n con una persona que no ha sido vacunada.<\/p>\n\n\n\n<p>\u201cEsto\nes una muy buena noticia, pero para que todo salga de la mejor manera, los\npacientes cr\u00f3nicos tienen que cuidarse hoy m\u00e1s que nunca, para evitar cualquier\ncomplicaci\u00f3n y principalmente el contagio inesperado entre una dosis y otra.\nAdem\u00e1s, muchos adultos mayores padecen de morbilidades anteriores, como\nhipertensi\u00f3n arterial, problemas card\u00edacos o diabetes, y son justamente ellos\nquienes est\u00e1n siendo inmunizados estos d\u00edas y quienes m\u00e1s deben mantenerse bajo\nmonitoreo\u201d, se\u00f1ala la profesional.<\/p>\n\n\n\n<p>La\nenfermera agrega que los pacientes cr\u00f3nicos deber\u00e1n tener las mismas\nprecauciones que durante toda la pandemia, ya que todo paciente con condiciones\ncr\u00f3nicas est\u00e1 m\u00e1s expuesto a virus y bacterias y por lo tanto se debe proteger\nel sistema inmunol\u00f3gico. Adem\u00e1s, es importante mantener siempre controlada la\nenfermedad de base, sobre todo al momento de recibir la&nbsp;vacuna.<\/p>\n\n\n\n<p>Entre\nlos cuidados est\u00e1n el uso de mascarilla que cubra boca y nariz, evitar el\ncontacto cercano con personas que est\u00e1n enfermas, mantener distanciamiento\nf\u00edsico, evitar multitudes, lavarse las manos con agua y jab\u00f3n o un\ndesinfectante de manos a base de alcohol con frecuencia.<\/p>\n\n\n\n<p>Monitoreo\na distancia<\/p>\n\n\n\n<p>Un\naspecto muy importante es el monitoreo constante de las enfermedades cr\u00f3nicas,\nalgo que se complica cuando las restricciones sanitarias impiden el tr\u00e1nsito\nlibre a diario y es mejor evitar las aglomeraciones.<\/p>\n\n\n\n<p>En\neste escenario&nbsp;Avis.Care&nbsp;entrega un apoyo para las personas que est\u00e1n\nen este grupo. Esta innovadora aplicaci\u00f3n m\u00f3vil permite monitorizar los\npar\u00e1metros cl\u00ednicos y sintomatolog\u00eda asociada que pueda tener el paciente, lo\nque ayuda a prevenir complicaciones y descompensaciones de su enfermedad. El\nmonitoreo continuo lo realiza un equipo cl\u00ednico conformado por m\u00e9dicos y\nenfermeras, que asegura el seguimiento de la evoluci\u00f3n de su enfermedad. Este\ndesarrollo tecnol\u00f3gico ser\u00e1 de gran ayuda para los pacientes tras someterse a\nla inoculaci\u00f3n.<\/p>\n\n\n\n<p>\u201cEn\nrelaci\u00f3n a la&nbsp;vacuna&nbsp;contra el COVID-19, se reportaron efectos\nsecundarios de leves a moderados, que incluyen hinchaz\u00f3n y malestar alrededor\ndel lugar de la inyecci\u00f3n, fatiga, dolor similar a la gripe y fiebre leve; pero\ntodos estos s\u00edntomas se resuelven dentro de las 24 a 72 horas posteriores a la\nadministraci\u00f3n de la&nbsp;vacuna. Con el monitoreo continuo de&nbsp;Avis.Care,\nse ayudar\u00e1 a las personas con enfermedades cr\u00f3nicas a prevenir complicaciones\nde estos efectos secundarios, adem\u00e1s de poder realizar un seguimiento\nexhaustivo posterior a la administraci\u00f3n de la&nbsp;vacuna\u201d.<\/p>\n\n\n\n<p>\u00bfC\u00f3mo\nfunciona?&nbsp;Se trata de una aplicaci\u00f3n que el paciente descarga gratis desde\nGoogle Play o App Store y luego puede conectar distintos equipos de medici\u00f3n,\ncomo el gluc\u00f3metro. Cada vez que el paciente toma sus par\u00e1metros, el valor\nviaja autom\u00e1ticamente a la app y se guarda. Lo novedoso, es que en paralelo a\neste registro, existe un equipo cl\u00ednico compuesto por enfermeras y m\u00e9dicos\nrevisando todos estos valores las 24 horas al d\u00eda, los 7 d\u00edas a la semana y en\ncaso de que exista alguna descompensaci\u00f3n, este equipo se contacta\ninmediatamente con el paciente para poder ayudarlo.<\/p>\n\n\n\n<p>Para\nm\u00e1s informaci\u00f3n sobre su uso, beneficios y precios, puedes ingresar\na&nbsp;&nbsp;<a href=\"http:\/\/www.avis.care\/\" target=\"_blank\" rel=\"noreferrer noopener\">www.avis.care<\/a>&nbsp;y\nen redes sociales Instagram y Facebook como&nbsp;Avis.Care, adem\u00e1s por tel\u00e9fono\n+562 2994 2040 y WhatsApp +56 9 3922 4685.<\/p>\n","protected":false},"excerpt":{"rendered":"<p>Durante las tres primeras semanas de campa\u00f1a de inmunizaci\u00f3n masiva en Chile, ya se superan los dos millones y medio de personas vacunadas, principalmente de la tercera edad. El objetivo,&#8230; <a class=\"read-more\" href=\"https:\/\/www.radiopresidenteibanez.cl\/web\/como-mantener-el-monitoreo-de-pacientes-cronicos-tras-aplicacion-de-la-vacuna-contra-el-covid-19\/\">Leer m\u00e1s<\/a><\/p>\n","protected":false},"author":2,"featured_media":18740,"comment_status":"closed","ping_status":"closed","sticky":false,"template":"","format":"standard","meta":{"footnotes":""},"categories":[1],"tags":[],"class_list":["post-18739","post","type-post","status-publish","format-standard","has-post-thumbnail","hentry","category-cronica"],"_links":{"self":[{"href":"https:\/\/www.radiopresidenteibanez.cl\/web\/wp-json\/wp\/v2\/posts\/18739","targetHints":{"allow":["GET"]}}],"collection":[{"href":"https:\/\/www.radiopresidenteibanez.cl\/web\/wp-json\/wp\/v2\/posts"}],"about":[{"href":"https:\/\/www.radiopresidenteibanez.cl\/web\/wp-json\/wp\/v2\/types\/post"}],"author":[{"embeddable":true,"href":"https:\/\/www.radiopresidenteibanez.cl\/web\/wp-json\/wp\/v2\/users\/2"}],"replies":[{"embeddable":true,"href":"https:\/\/www.radiopresidenteibanez.cl\/web\/wp-json\/wp\/v2\/comments?post=18739"}],"version-history":[{"count":0,"href":"https:\/\/www.radiopresidenteibanez.cl\/web\/wp-json\/wp\/v2\/posts\/18739\/revisions"}],"wp:featuredmedia":[{"embeddable":true,"href":"https:\/\/www.radiopresidenteibanez.cl\/web\/wp-json\/wp\/v2\/media\/18740"}],"wp:attachment":[{"href":"https:\/\/www.radiopresidenteibanez.cl\/web\/wp-json\/wp\/v2\/media?parent=18739"}],"wp:term":[{"taxonomy":"category","embeddable":true,"href":"https:\/\/www.radiopresidenteibanez.cl\/web\/wp-json\/wp\/v2\/categories?post=18739"},{"taxonomy":"post_tag","embeddable":true,"href":"https:\/\/www.radiopresidenteibanez.cl\/web\/wp-json\/wp\/v2\/tags?post=18739"}],"curies":[{"name":"wp","href":"https:\/\/api.w.org\/{rel}","templated":true}]}}