{"id":1872,"date":"2019-03-05T14:17:44","date_gmt":"2019-03-05T14:17:44","guid":{"rendered":"http:\/\/www.radiopresidenteibanez.cl\/web\/?p=1872"},"modified":"2019-03-05T14:17:53","modified_gmt":"2019-03-05T14:17:53","slug":"gobierno-anuncia-indicacion-a-proyecto-admision-justa","status":"publish","type":"post","link":"https:\/\/www.radiopresidenteibanez.cl\/web\/gobierno-anuncia-indicacion-a-proyecto-admision-justa\/","title":{"rendered":"GOBIERNO ANUNCIA INDICACI\u00d3N A PROYECTO ADMISI\u00d3N JUSTA"},"content":{"rendered":"\n<p>As\u00ed lo inform\u00f3 en la regi\u00f3n de Magallanes, la Seremi de Educaci\u00f3n (S) Beatriz S\u00e1nchez Ca\u00f1ete quien, junto al Intendente Regional Jos\u00e9 Fern\u00e1ndez D\u00fcbrock, entregaron a los medios de comunicaci\u00f3n las principales novedades de esta iniciativa que ingresar\u00e1 a discusi\u00f3n, prontamente, al parlamento.<\/p>\n\n\n\n<p>La&nbsp;<strong>Seremi de Educaci\u00f3n (S)<\/strong>&nbsp;inform\u00f3 que el Ministerio de Educaci\u00f3n present\u00f3 un proyecto dividido en 2: un proyecto para permitir la selecci\u00f3n por m\u00e9rito en liceos de alta exigencia y otro para reformar el SAE y dar prioridad a ni\u00f1os de residencias del Sename y aquellos con necesidades educativas permanentes.<\/p>\n\n\n\n<p>\u201cEsta modificaci\u00f3n permitir\u00e1 que aquellos alumnos que se han sacrificado durante su etapa escolar puedan acceder a un establecimiento educacional de excelencia, dado que con el sistema actual s\u00f3lo el 50% de los estudiantes han logrado ingresar a los colegios que ellos eligieron. De ese modo tambi\u00e9n se garantizar\u00e1 una educaci\u00f3n de calidad a los ni\u00f1os que tienen necesidades educativas especiales, que el actual sistema no consideraba apropiadamente\u201d, acot\u00f3 la autoridad.&nbsp;&nbsp;&nbsp;<\/p>\n\n\n\n<p>Con esto, Beatriz S\u00e1nchez reiter\u00f3 el compromiso del Gobierno por mejorar el funcionamiento del Sistema de Admisi\u00f3n Escolar (SAE), tal como lo reiter\u00f3 la Ministra Marcela Cubillos. \u201cSabemos que habr\u00e1 temas en los que ser\u00e1 muy dif\u00edcil construir acuerdos, pero otros han sido levantados por los propios parlamentarios de las diferentes bancadas. Dividir los proyectos puede dar la flexibilidad necesaria para acercar posiciones y dar soluci\u00f3n a los problemas que han enfrentado las familias a quienes se les ha aplicado el sistema\u201d.<\/p>\n\n\n\n<p>&nbsp;<br>Para el<strong>&nbsp;intendente Regional Jos\u00e9 Fern\u00e1ndez Dubrock,<\/strong>&nbsp;\u201cesta modificaci\u00f3n que se est\u00e1 presentando con Admisi\u00f3n justa es parte de la preocupaci\u00f3n constante que el Presidente Sebasti\u00e1n Pi\u00f1era tiene con los ni\u00f1os y ni\u00f1as en etapa escolar, y que busca integrar una modificaci\u00f3n que requerir\u00e1 acuerdos transversales de todos los partidos pol\u00edticos. Este es un paso importante que estamos dando y llamamos a nuestros parlamentarios de la regi\u00f3n a apoyar este proyecto de ley que va en beneficio de los estudiantes\u201d.<\/p>\n\n\n\n<p><strong>PRINCIPALES INDICACIONES<\/strong><\/p>\n\n\n\n<p><strong>Cifras finales del proceso de admisi\u00f3n escolar arrojan dos datos que a juicio del Mineduc son especialmente preocupantes.<\/strong><\/p>\n\n\n\n<p><strong>PRIMER DATO: S\u00f3lo el 51% qued\u00f3 en su primera preferencia.<\/strong><\/p>\n\n\n\n<p>Cuando se considera a establecimientos educacionales que tuvieron m\u00e1s postulantes que vacantes (que es en aquellos en que opera el algoritmo ya que en el resto basta postular para ser admitido), s\u00f3lo un 51,0% qued\u00f3 en su primera preferencia. \u201cEs un n\u00famero bajo: 1 de cada dos ni\u00f1os no queda en el colegio de su preferencia, y esto est\u00e1 produciendo mucho descontento, en las diferentes comunas del pa\u00eds\u201d, dijo la Ministra.<\/p>\n\n\n\n<p>Datos por regiones, de porcentaje de estudiantes que qued\u00f3 en su primera preferencia:&nbsp;<\/p>\n\n\n\n<table class=\"wp-block-table\"><tbody><tr><td><strong>Regi\u00f3n<\/strong><\/td><td><strong>% 1Preferencia<\/strong><\/td><\/tr><tr><td>1<\/td><td>45,5%<\/td><\/tr><tr><td>2<\/td><td>50,5%<\/td><\/tr><tr><td>3<\/td><td>44,6%<\/td><\/tr><tr><td>4<\/td><td>37,7%<\/td><\/tr><tr><td>5<\/td><td>56,7%<\/td><\/tr><tr><td>6<\/td><td>49,6%<\/td><\/tr><tr><td>7<\/td><td>51,2%<\/td><\/tr><tr><td>8<\/td><td>54,5%<\/td><\/tr><tr><td>9<\/td><td>64,6%<\/td><\/tr><tr><td>10<\/td><td>46,4%<\/td><\/tr><tr><td>11<\/td><td>63,7%<\/td><\/tr><tr><td>12<\/td><td>39,4%<\/td><\/tr><tr><td>14<\/td><td>61,3%<\/td><\/tr><tr><td>15<\/td><td>61,2%<\/td><\/tr><tr><td><strong>TOTAL<\/strong><\/td><td><strong>51,0%<\/strong><\/td><\/tr><\/tbody><\/table>\n\n\n\n<p>\u201cAl ver las cifras por regiones es evidente que NUNCA se debi\u00f3 someter a los padres a un sistema centralizado de admisi\u00f3n escolar sin tener antes en Chile una oferta educativa pareja y de calidad\u201d, se\u00f1al\u00f3 la Ministra de Educaci\u00f3n Marcela Cubillos.<\/p>\n\n\n\n<p><strong>SEGUNDO DATO: Las cifras finales del proceso demuestran que el Sistema castig\u00f3 en mayor medida a los mejores alumnos.<\/strong><\/p>\n\n\n\n<p>Si se toman las cifras de las postulaciones a I Medio, que es el nivel que a partir de S\u00e9ptimo B\u00e1sico concentra la mayor\u00eda de las postulaciones del sistema, se ve que entre mejor el rendimiento del alumno, menor fue el porcentaje que qued\u00f3 en la escuela de su primera preferencia.<\/p>\n\n\n\n<p>Si del total de alumnos que postula a 1ro Medio, el 54,9% qued\u00f3 en su primera preferencia, esa cifra baja m\u00e1s de 5 puntos si se analiza qu\u00e9 ocurri\u00f3 con los j\u00f3venes provenientes del 20% de mejor rendimiento de sus colegios de origen, y m\u00e1s de 8 puntos si se considera al 5% de mejor rendimiento.<\/p>\n\n\n\n<table class=\"wp-block-table\"><tbody><tr><td><strong>Niveles Acceso D&gt;O<\/strong><\/td><td><strong>1MEDIO<\/strong><\/td><\/tr><tr><td><strong>% Primera Preferencia<\/strong><\/td><td>54,9%<\/td><\/tr><tr><td><strong>% 1P &nbsp;20% Superior del colegio de origen<\/strong><\/td><td><strong>49,5%<\/strong><\/td><\/tr><tr><td><strong>% 1P&nbsp;&nbsp; 5% Superior del colegio de origen<\/strong><\/td><td><strong>46,5%<\/strong><\/td><\/tr><\/tbody><\/table>\n\n\n\n<p>&nbsp;<br>\u201cEl Sistema ha terminado por discriminar a j\u00f3venes que se han esforzado para poder elegir en I Medio un liceo de alta exigencia acad\u00e9mica\u201d, se\u00f1al\u00f3 la Ministra Cubillos.<\/p>\n\n\n\n<p>Ante este escenario, el Ejecutivo decidi\u00f3, para facilitar la discusi\u00f3n legislativa y permitir la b\u00fasqueda de acuerdos, dividir la tramitaci\u00f3n de Admisi\u00f3n Justa, en dos proyectos que se discutir\u00e1n en forma paralela:<\/p>\n\n\n\n<p>&nbsp;<br><strong>Primer Proyecto: MERITO CON INCLUSI\u00d3N, EN LICEOS DE ALTA EXIGENCIA Y ESPECIALIZACI\u00d3N TEMPRANA:<\/strong><\/p>\n\n\n\n<p><em>Propuesta recoge texto de proyecto de ley presentado por grupo transversal de diputados, entre ellos, Auth, Robles, Venegas, Bellolio, Felipe Kast, Paulina Nu\u00f1ez, Pilowsky, Tarud, en junio del 2015.<\/em><\/p>\n\n\n\n<p><strong>\u201cQueremos recoger el esp\u00edritu de ese proyecto, que permite seleccionar por m\u00e9rito en determinados liceos y, al mismo tiempo, subir el porcentaje de alumnos vulnerables tal como lo han propuesto diversos diputados tanto de Chilevamos como de la DC e independientes como el diputado Auth\u201d<\/strong><\/p>\n\n\n\n<p>Propuesta: Permitir selecci\u00f3n por m\u00e9rito en liceos de alta exigencia acad\u00e9mica a partir de 7\u00ba B\u00e1sico, asegurando admisi\u00f3n m\u00ednima de 30% de alumnos prioritarios y 20% de alumnos preferentes, es decir, un total de&nbsp;<strong>50% de alumnos vulnerables.<\/strong>&nbsp;(Texto original de Admisi\u00f3n Justa se\u00f1alaba 30% prioritario, y el proyecto de los diputados del 2015 se\u00f1alaba 40% prioritario)<\/p>\n\n\n\n<p>Requisitos (los mismos del texto original de Admisi\u00f3n Justa):<\/p>\n\n\n\n<p>Proyecto educativo de alta exigencia<\/p>\n\n\n\n<ol class=\"wp-block-list\"><li>Categor\u00eda de Desempe\u00f1o Alto en Educaci\u00f3n Media conforme a ordenaci\u00f3n de Agencia de Calidad<\/li><li>Tener m\u00e1s postulaciones que vacantes<\/li><li>Implementar proceso de admisi\u00f3n, a elecci\u00f3n del Liceo, transparente, p\u00fablico, objetivo y sin discriminaci\u00f3n arbitraria (pruebas de admisi\u00f3n, rendimiento anterior, etc)<\/li><\/ol>\n\n\n\n<p><br><strong>Segundo Proyecto: REFORMA NORMAS DE ADMISI\u00d3N PARA GARANTIZAR LIBERTAD DE ENSE\u00d1ANZA, VINCULACI\u00d3N DE APODERADOS CON PROYECTO EDUCATIVO, Y DAR PRIORIDAD EN LA ELECCI\u00d3N DE COLEGIOS A NI\u00d1OS PROVENIENTES DE LAS RESIDENCIAS DEL SENAME Y AQUELLOS CON NECESIDADES EDUCATIVAS ESPECIALES PERMANENTES.<\/strong><\/p>\n\n\n\n<p><br>Propuesta:<\/p>\n\n\n\n<p>\u00b7&nbsp;&nbsp;&nbsp;&nbsp;&nbsp;&nbsp;&nbsp;&nbsp;&nbsp;Modificaci\u00f3n criterios de prioridad del SAE quedando de la siguiente manera:<\/p>\n\n\n\n<p>1\u00ba &nbsp;&nbsp;&nbsp;&nbsp;&nbsp;<strong>Ni\u00f1os provenientes de residencias del Sename<\/strong><\/p>\n\n\n\n<p><strong>2\u00ba &nbsp;&nbsp;&nbsp;&nbsp; Ni\u00f1os con necesidades educativas especiales permanentes<\/strong>&nbsp;(recogiendo lo planteado, entre otros, por el diputado Luciano Cruz Coke, Schalper y otros y madres de ni\u00f1os con autismo y s\u00edndrome de down con las que Mineduc se ha reunido)<\/p>\n\n\n\n<p>3\u00ba &nbsp;&nbsp;&nbsp;&nbsp; Hermanos, ampliando a hermanos no consangu\u00edneos<\/p>\n\n\n\n<p>4\u00ba &nbsp;&nbsp;&nbsp;&nbsp; 15% de alumnos prioritarios, pudiendo aumentar ese porcentaje en colegios con buen desempe\u00f1o<\/p>\n\n\n\n<p>5\u00ba &nbsp;&nbsp;&nbsp;&nbsp; Hijos de profesores, asistentes de la educaci\u00f3n, etc<\/p>\n\n\n\n<p>6\u00ba &nbsp;&nbsp;&nbsp;&nbsp; Alumno que hab\u00eda estado antes matriculado en ese colegio y vuelve<\/p>\n\n\n\n<p>7\u00ba &nbsp;&nbsp;&nbsp;&nbsp; Incorporaci\u00f3n de hasta un 30% de estudiantes en virtud de criterios de admisi\u00f3n relacionados a proyectos educativos los que tendr\u00e1n que ser siempre objetivos, transparentes y no podr\u00e1n significar discriminaciones arbitrarias.<\/p>\n\n\n\n<p>(Se replica en este proyecto lo establecido en el texto original de Admisi\u00f3n Justa en relaci\u00f3n con las correcciones de las preferencias, la incorporaci\u00f3n del 30% por proyecto educativo y que se permitan las entrevistas durante el proceso de admisi\u00f3n. Pero se agregan dos nuevas preferencias: Sename y ni\u00f1os con NEE permanentes).<br>&nbsp;<\/p>\n\n\n\n<p><strong>Sistema centralizado de admisi\u00f3n escolar<\/strong><\/p>\n\n\n\n<p>Se mantendr\u00e1 un sistema centralizado de&nbsp;<a href=\"https:\/\/www.sistemadeadmisionescolar.cl\/\" target=\"_blank\" rel=\"noreferrer noopener\">admisi\u00f3n escolar<\/a>&nbsp;(con las modificaciones en las prioridades ya se\u00f1aladas), pero se generar\u00e1n las condiciones que permitan a los colegios, que as\u00ed lo elijan, realizar con anticipaci\u00f3n (previo al inicio del SAE) procesos de admisi\u00f3n propios cumpliendo los requisitos de objetividad, transparencia y no discriminaci\u00f3n arbitraria establecidos en la ley.<\/p>\n","protected":false},"excerpt":{"rendered":"<p>As\u00ed lo inform\u00f3 en la regi\u00f3n de Magallanes, la Seremi de Educaci\u00f3n (S) Beatriz S\u00e1nchez Ca\u00f1ete quien, junto al Intendente Regional Jos\u00e9 Fern\u00e1ndez D\u00fcbrock, entregaron a los medios de comunicaci\u00f3n&#8230; <a class=\"read-more\" href=\"https:\/\/www.radiopresidenteibanez.cl\/web\/gobierno-anuncia-indicacion-a-proyecto-admision-justa\/\">Leer m\u00e1s<\/a><\/p>\n","protected":false},"author":2,"featured_media":1873,"comment_status":"closed","ping_status":"closed","sticky":false,"template":"","format":"standard","meta":{"footnotes":""},"categories":[1],"tags":[],"class_list":["post-1872","post","type-post","status-publish","format-standard","has-post-thumbnail","hentry","category-cronica"],"_links":{"self":[{"href":"https:\/\/www.radiopresidenteibanez.cl\/web\/wp-json\/wp\/v2\/posts\/1872","targetHints":{"allow":["GET"]}}],"collection":[{"href":"https:\/\/www.radiopresidenteibanez.cl\/web\/wp-json\/wp\/v2\/posts"}],"about":[{"href":"https:\/\/www.radiopresidenteibanez.cl\/web\/wp-json\/wp\/v2\/types\/post"}],"author":[{"embeddable":true,"href":"https:\/\/www.radiopresidenteibanez.cl\/web\/wp-json\/wp\/v2\/users\/2"}],"replies":[{"embeddable":true,"href":"https:\/\/www.radiopresidenteibanez.cl\/web\/wp-json\/wp\/v2\/comments?post=1872"}],"version-history":[{"count":0,"href":"https:\/\/www.radiopresidenteibanez.cl\/web\/wp-json\/wp\/v2\/posts\/1872\/revisions"}],"wp:featuredmedia":[{"embeddable":true,"href":"https:\/\/www.radiopresidenteibanez.cl\/web\/wp-json\/wp\/v2\/media\/1873"}],"wp:attachment":[{"href":"https:\/\/www.radiopresidenteibanez.cl\/web\/wp-json\/wp\/v2\/media?parent=1872"}],"wp:term":[{"taxonomy":"category","embeddable":true,"href":"https:\/\/www.radiopresidenteibanez.cl\/web\/wp-json\/wp\/v2\/categories?post=1872"},{"taxonomy":"post_tag","embeddable":true,"href":"https:\/\/www.radiopresidenteibanez.cl\/web\/wp-json\/wp\/v2\/tags?post=1872"}],"curies":[{"name":"wp","href":"https:\/\/api.w.org\/{rel}","templated":true}]}}