{"id":18714,"date":"2021-02-22T02:30:00","date_gmt":"2021-02-22T02:30:00","guid":{"rendered":"https:\/\/www.radiopresidenteibanez.cl\/web\/?p=18714"},"modified":"2021-02-20T17:17:46","modified_gmt":"2021-02-20T17:17:46","slug":"partido-comunista-de-magallanes-lanzo-campana-electoral-y-presento-candidaturas","status":"publish","type":"post","link":"https:\/\/www.radiopresidenteibanez.cl\/web\/partido-comunista-de-magallanes-lanzo-campana-electoral-y-presento-candidaturas\/","title":{"rendered":"PARTIDO  COMUNISTA DE MAGALLANES LANZ\u00d3 CAMPA\u00d1A ELECTORAL Y PRESENT\u00d3 CANDIDATURAS"},"content":{"rendered":"\n<p>Con\nun banderazo, y resguardando las necesarias medidas sanitarias, el Partido\nComunista de Magallanes present\u00f3 sus candidaturas e inici\u00f3 oficialmente su\ncampa\u00f1a de cara a las elecciones del pr\u00f3ximo 11 de abril.<\/p>\n\n\n\n<p>Una\nveintena de adherentes, candidatos y candidatas, se reunieron en las\ninmediaciones de la Plaza de los DD.HH. en Punta Arenas para difundir los\nnombres y propuesta program\u00e1tica con que los comunistas disputan las plazas de\nGobernador y Convencionales, adem\u00e1s de Concejal\u00edas en Porvenir, Natales y la\ncapital regional. <\/p>\n\n\n\n<p>La\nactividad cont\u00f3 adem\u00e1s con la participaci\u00f3n de Arturo D\u00edaz, abanderado opositor\na la alcald\u00eda de Punta Arenas, quien enfatiz\u00f3 la imprescindible unidad para\nlograr democratizar la ciudad y la regi\u00f3n, tarea compleja en medio de la\npandemia donde las campa\u00f1as son mucho m\u00e1s dif\u00edciles, seg\u00fan se\u00f1al\u00f3,\n\u00abespecialmente para quienes no tenemos financiamiento empresarial\u00bb, y\npor tanto debemos redoblar el trabajo territorial, siempre en contacto con la\ncomunidad.<\/p>\n\n\n\n<p>A\nsu vez, el candidato a Gobernador Regional, Presidente del Partido Comunista de\nMagallanes, y ex dirigente sindical, Dalivor Eterovic, fustig\u00f3 a los sectores\nque se acomodaron con la persitencia del actual modelo. \u00abLos que un d\u00eda\ndijeron que no lo vieron venir mienten, nosotros lo ve\u00edamos venir, sab\u00edamos que\ntarde o temprano esto iba a ocurrir, la buena noticia es que lleg\u00f3, est\u00e1 aqu\u00ed,\nel momento es hoy y es hora de dar la pelea, de lograr un triunfo electoral en\ntoda la l\u00ednea, para construir una nueva Constituci\u00f3n que es la que el pa\u00eds se\nmerece\u00bb, afirm\u00f3 Eterovic. <\/p>\n\n\n\n<p>El\ndirigente comunista llam\u00f3 a luchar por un pa\u00eds justo y digno, donde los\ngobernadores y gobernadoras electas en las regiones sean los primeros en la\ncalle a la hora de plantear las demandas de la ciudadan\u00eda, y exigi\u00f3 terminar\ncon las mentiras y excusas de \u00abque no tenemos las atribuciones, o de que\nel centralismo nos mata\u00bb. Con el paro del gas y otras movilizaciones\nhist\u00f3ricas en Magallanes \u00abhemos demostrado que se pueden hacer las cosas\nde otra manera, a favor de las y los trabajadores\u00bb, sostuvo.<\/p>\n\n\n\n<p>Seg\u00fan afirm\u00f3 Dalivor Eterovic, pese al crecimiento en diversos sectores productivos, los trabajadores se han mantenido siempre al margen del desarrollo que tiene nuestra regi\u00f3n, con remuneraciones estancadas, con salarios bajos, con costos de vida altos, y en consecuencia se busca que los entes del Estado act\u00faen a la altura de lo que el pa\u00eds demanda. \u00abLa riqueza debe ser repartida y llegar a las y los trabajadores, los municipios tienen un rol que cumplir en esto, as\u00ed como tambi\u00e9n los gobiernos regionales y la forma en que se redacte la nueva constituci\u00f3n, nuestras candidaturas est\u00e1n empe\u00f1ados en la tarea de que esas demandas y anhelos del pueblo se vayan cumpliendo\u00bb, asever\u00f3. <\/p>\n\n\n\n<p>Finalmente,\nel aspirante a Gobernador Regional afirm\u00f3 que \u201cesta es la \u00fanica candidatura de\nizquierda en Magallanes\u201d, y llam\u00f3 \u00aba votar sin miedo por los\ncomunistas\u00bb porque a lo largo del pa\u00eds cuando han sido electos han\ndemostrado que lo han hecho bien en favor de la gente y eso es perfectamente\nreplicable tambi\u00e9n en nuestra regi\u00f3n.<\/p>\n\n\n\n<p><strong>Candidato\na Gobernador (PC) :<\/strong><\/p>\n\n\n\n<p>Dalivor\nEterovic <\/p>\n\n\n\n<p><strong>Candidaturas\na Concejal\u00edas (PC) :<\/strong><\/p>\n\n\n\n<p>Punta\nArenas \/ Ibis Rogel, Dar\u00edo Igor, Alejandro Olate, Natasha Alarc\u00f3n<\/p>\n\n\n\n<p>Natales\n\/ Javiera G\u00f3mez, Benito Ruiz, Rodrigo Hern\u00e1ndez<\/p>\n\n\n\n<p>Porvenir\n\/ Giannina \u00c1lvarez, Judith San Mart\u00edn<\/p>\n\n\n\n<p><strong>Candidaturas\nConstituyentes :<\/strong><\/p>\n\n\n\n<p><strong>Subpacto\nPartido Comunista &#8211; independientes<\/strong> \/ Nikos Ortega,\nMargarita Makuc, Julio Contreras<\/p>\n","protected":false},"excerpt":{"rendered":"<p>Con un banderazo, y resguardando las necesarias medidas sanitarias, el Partido Comunista de Magallanes present\u00f3 sus candidaturas e inici\u00f3 oficialmente su campa\u00f1a de cara a las elecciones del pr\u00f3ximo 11&#8230; <a class=\"read-more\" href=\"https:\/\/www.radiopresidenteibanez.cl\/web\/partido-comunista-de-magallanes-lanzo-campana-electoral-y-presento-candidaturas\/\">Leer m\u00e1s<\/a><\/p>\n","protected":false},"author":2,"featured_media":18715,"comment_status":"closed","ping_status":"closed","sticky":false,"template":"","format":"standard","meta":{"footnotes":""},"categories":[1],"tags":[],"class_list":["post-18714","post","type-post","status-publish","format-standard","has-post-thumbnail","hentry","category-cronica"],"_links":{"self":[{"href":"https:\/\/www.radiopresidenteibanez.cl\/web\/wp-json\/wp\/v2\/posts\/18714","targetHints":{"allow":["GET"]}}],"collection":[{"href":"https:\/\/www.radiopresidenteibanez.cl\/web\/wp-json\/wp\/v2\/posts"}],"about":[{"href":"https:\/\/www.radiopresidenteibanez.cl\/web\/wp-json\/wp\/v2\/types\/post"}],"author":[{"embeddable":true,"href":"https:\/\/www.radiopresidenteibanez.cl\/web\/wp-json\/wp\/v2\/users\/2"}],"replies":[{"embeddable":true,"href":"https:\/\/www.radiopresidenteibanez.cl\/web\/wp-json\/wp\/v2\/comments?post=18714"}],"version-history":[{"count":0,"href":"https:\/\/www.radiopresidenteibanez.cl\/web\/wp-json\/wp\/v2\/posts\/18714\/revisions"}],"wp:featuredmedia":[{"embeddable":true,"href":"https:\/\/www.radiopresidenteibanez.cl\/web\/wp-json\/wp\/v2\/media\/18715"}],"wp:attachment":[{"href":"https:\/\/www.radiopresidenteibanez.cl\/web\/wp-json\/wp\/v2\/media?parent=18714"}],"wp:term":[{"taxonomy":"category","embeddable":true,"href":"https:\/\/www.radiopresidenteibanez.cl\/web\/wp-json\/wp\/v2\/categories?post=18714"},{"taxonomy":"post_tag","embeddable":true,"href":"https:\/\/www.radiopresidenteibanez.cl\/web\/wp-json\/wp\/v2\/tags?post=18714"}],"curies":[{"name":"wp","href":"https:\/\/api.w.org\/{rel}","templated":true}]}}