{"id":18711,"date":"2021-02-20T17:14:48","date_gmt":"2021-02-20T17:14:48","guid":{"rendered":"https:\/\/www.radiopresidenteibanez.cl\/web\/?p=18711"},"modified":"2021-02-20T17:14:53","modified_gmt":"2021-02-20T17:14:53","slug":"sujeto-fue-condenado-por-lesionar-gravemente-a-ex-conviviente","status":"publish","type":"post","link":"https:\/\/www.radiopresidenteibanez.cl\/web\/sujeto-fue-condenado-por-lesionar-gravemente-a-ex-conviviente\/","title":{"rendered":"SUJETO FUE CONDENADO POR LESIONAR GRAVEMENTE A EX CONVIVIENTE"},"content":{"rendered":"\n<p>L.D.E. M., fue condenado, como autor del delito de lesiones graves, en contexto de violencia intrafamiliar, VIF.<\/p>\n\n\n\n<p>Durante el juicio la\nfiscal Romina Moscoso, con la especialidad en causas VIF y de g\u00e9nero, prob\u00f3,\nante el Tribunal Oral en lo Penal el hecho delictual, perpetrado el d\u00eda 22 de noviembre\ndel a\u00f1o 2019, en horas de la tarde, cuando el acusado agredi\u00f3 f\u00edsicamente a quien era su conviviente, d\u00e1ndole golpes con la mano en la cara y luego con\nuna taza quebrada realiz\u00e1ndole cortes, resultando con una herida complicada en el dedo medio de\nmano derecha, lesi\u00f3n en tend\u00f3n extensor,\ns\u00edndrome de dolor regional complejo, asimismo contusi\u00f3n costal y de rodilla.<\/p>\n\n\n\n<p>La lectura de la sentencia, donde se conocer\u00e1 la pena que deber\u00e1 cumplir\nel acusado se efectuar\u00e1 el&nbsp; mi\u00e9rcoles 24 de febrero, a las 13:00 horas.<\/p>\n","protected":false},"excerpt":{"rendered":"<p>L.D.E. M., fue condenado, como autor del delito de lesiones graves, en contexto de violencia intrafamiliar, VIF. Durante el juicio la fiscal Romina Moscoso, con la especialidad en causas VIF&#8230; <a class=\"read-more\" href=\"https:\/\/www.radiopresidenteibanez.cl\/web\/sujeto-fue-condenado-por-lesionar-gravemente-a-ex-conviviente\/\">Leer m\u00e1s<\/a><\/p>\n","protected":false},"author":2,"featured_media":18712,"comment_status":"closed","ping_status":"closed","sticky":false,"template":"","format":"standard","meta":{"footnotes":""},"categories":[1],"tags":[],"class_list":["post-18711","post","type-post","status-publish","format-standard","has-post-thumbnail","hentry","category-cronica"],"_links":{"self":[{"href":"https:\/\/www.radiopresidenteibanez.cl\/web\/wp-json\/wp\/v2\/posts\/18711","targetHints":{"allow":["GET"]}}],"collection":[{"href":"https:\/\/www.radiopresidenteibanez.cl\/web\/wp-json\/wp\/v2\/posts"}],"about":[{"href":"https:\/\/www.radiopresidenteibanez.cl\/web\/wp-json\/wp\/v2\/types\/post"}],"author":[{"embeddable":true,"href":"https:\/\/www.radiopresidenteibanez.cl\/web\/wp-json\/wp\/v2\/users\/2"}],"replies":[{"embeddable":true,"href":"https:\/\/www.radiopresidenteibanez.cl\/web\/wp-json\/wp\/v2\/comments?post=18711"}],"version-history":[{"count":0,"href":"https:\/\/www.radiopresidenteibanez.cl\/web\/wp-json\/wp\/v2\/posts\/18711\/revisions"}],"wp:featuredmedia":[{"embeddable":true,"href":"https:\/\/www.radiopresidenteibanez.cl\/web\/wp-json\/wp\/v2\/media\/18712"}],"wp:attachment":[{"href":"https:\/\/www.radiopresidenteibanez.cl\/web\/wp-json\/wp\/v2\/media?parent=18711"}],"wp:term":[{"taxonomy":"category","embeddable":true,"href":"https:\/\/www.radiopresidenteibanez.cl\/web\/wp-json\/wp\/v2\/categories?post=18711"},{"taxonomy":"post_tag","embeddable":true,"href":"https:\/\/www.radiopresidenteibanez.cl\/web\/wp-json\/wp\/v2\/tags?post=18711"}],"curies":[{"name":"wp","href":"https:\/\/api.w.org\/{rel}","templated":true}]}}