{"id":18709,"date":"2021-02-21T03:15:00","date_gmt":"2021-02-21T03:15:00","guid":{"rendered":"https:\/\/www.radiopresidenteibanez.cl\/web\/?p=18709"},"modified":"2021-02-20T17:10:35","modified_gmt":"2021-02-20T17:10:35","slug":"presidente-de-cpc-magallanes-critica-en-duros-terminos-insistencia-de-autoridades-por-construir-via-elevada","status":"publish","type":"post","link":"https:\/\/www.radiopresidenteibanez.cl\/web\/presidente-de-cpc-magallanes-critica-en-duros-terminos-insistencia-de-autoridades-por-construir-via-elevada\/","title":{"rendered":"PRESIDENTE DE CPC MAGALLANES CRITICA EN DUROS T\u00c9RMINOS INSISTENCIA DE AUTORIDADES POR CONSTRUIR V\u00cdA ELEVADA"},"content":{"rendered":"\n<p>\u00abProducto de una desconexi\u00f3n con la realidad regional las autoridades de la zona central siguen insistiendo en destinar cuantiosos recursos en la construcci\u00f3n de un paso a nivel en un cruce de calles\u00bb. De esta forma el Presidente de CPC Magallanes, Alejandro Kusanovic critic\u00f3 la decisi\u00f3n del gobierno de insistir en el proyecto de paso elevado en la intersecci\u00f3n de Avenidas Frei y Carlos Iba\u00f1ez del Campo en Punta Arenas, inversi\u00f3n que representa la construcci\u00f3n de la mitad del Hospital Cl\u00ednico Magallanes, unos $26 mil millones.<\/p>\n\n\n\n<p>\u00abJusto cuando, producto de la pandemia, la regi\u00f3n tiene otras prioridades, nuestras autoridades insisten en no escuchar a la gente\u00bb, indic\u00f3 el l\u00edder de los empresarios, agregando que tanto los concejales de Punta Arenas, como los Consejeros Regionales han expresado claramente su rechazo a tal iniciativa.<\/p>\n\n\n\n<p>Kusanovic hizo ver que producto de los controles camineros durante las cuarentenas no se produjo ning\u00fan accidente en dicha intersecci\u00f3n lo que demuestra que el problema es la velocidad con la que llegan a ese sector los automovilistas. \u00abPara limitar la velocidad existen otras soluciones infinitamente m\u00e1s econ\u00f3micas y pr\u00e1cticas que construir un elefante blanco en la arena.\u00bb<\/p>\n\n\n\n<p>Asegur\u00f3 que desde el punto de vista de la ingenier\u00eda es una \u201clocura construir un edificio en la arena ya que el costo es inmenso, 26.000 millones de pesos. Adem\u00e1s, es un proyecto muy t\u00e9cnico que genera muy poca mano de obra en la regi\u00f3n frente a otro tipo de inversiones que generan grandes demandas y detonan desarrollos econ\u00f3micos futuros.\u201d<\/p>\n\n\n\n<p>Kusanovic exigi\u00f3 que el Alcalde de Punta Arenas, Claudio Radonich se pronuncie en relaci\u00f3n con este proyecto. \u00abNo puede ser que el due\u00f1o de casa no tenga una postura al respecto\u00bb, dijo finalmente el Presidente de CPC Magallanes.<\/p>\n","protected":false},"excerpt":{"rendered":"<p>\u00abProducto de una desconexi\u00f3n con la realidad regional las autoridades de la zona central siguen insistiendo en destinar cuantiosos recursos en la construcci\u00f3n de un paso a nivel en un&#8230; <a class=\"read-more\" href=\"https:\/\/www.radiopresidenteibanez.cl\/web\/presidente-de-cpc-magallanes-critica-en-duros-terminos-insistencia-de-autoridades-por-construir-via-elevada\/\">Leer m\u00e1s<\/a><\/p>\n","protected":false},"author":2,"featured_media":5543,"comment_status":"closed","ping_status":"closed","sticky":false,"template":"","format":"standard","meta":{"footnotes":""},"categories":[1],"tags":[],"class_list":["post-18709","post","type-post","status-publish","format-standard","has-post-thumbnail","hentry","category-cronica"],"_links":{"self":[{"href":"https:\/\/www.radiopresidenteibanez.cl\/web\/wp-json\/wp\/v2\/posts\/18709","targetHints":{"allow":["GET"]}}],"collection":[{"href":"https:\/\/www.radiopresidenteibanez.cl\/web\/wp-json\/wp\/v2\/posts"}],"about":[{"href":"https:\/\/www.radiopresidenteibanez.cl\/web\/wp-json\/wp\/v2\/types\/post"}],"author":[{"embeddable":true,"href":"https:\/\/www.radiopresidenteibanez.cl\/web\/wp-json\/wp\/v2\/users\/2"}],"replies":[{"embeddable":true,"href":"https:\/\/www.radiopresidenteibanez.cl\/web\/wp-json\/wp\/v2\/comments?post=18709"}],"version-history":[{"count":0,"href":"https:\/\/www.radiopresidenteibanez.cl\/web\/wp-json\/wp\/v2\/posts\/18709\/revisions"}],"wp:featuredmedia":[{"embeddable":true,"href":"https:\/\/www.radiopresidenteibanez.cl\/web\/wp-json\/wp\/v2\/media\/5543"}],"wp:attachment":[{"href":"https:\/\/www.radiopresidenteibanez.cl\/web\/wp-json\/wp\/v2\/media?parent=18709"}],"wp:term":[{"taxonomy":"category","embeddable":true,"href":"https:\/\/www.radiopresidenteibanez.cl\/web\/wp-json\/wp\/v2\/categories?post=18709"},{"taxonomy":"post_tag","embeddable":true,"href":"https:\/\/www.radiopresidenteibanez.cl\/web\/wp-json\/wp\/v2\/tags?post=18709"}],"curies":[{"name":"wp","href":"https:\/\/api.w.org\/{rel}","templated":true}]}}