{"id":18706,"date":"2021-02-21T03:00:00","date_gmt":"2021-02-21T03:00:00","guid":{"rendered":"https:\/\/www.radiopresidenteibanez.cl\/web\/?p=18706"},"modified":"2021-02-20T17:08:55","modified_gmt":"2021-02-20T17:08:55","slug":"alcalde-radonich-presento-proyectos-de-alcantarillado-electrificacion-y-gasificacion-ante-intendenta-regional-y-subsecretario-de-obras-publicas","status":"publish","type":"post","link":"https:\/\/www.radiopresidenteibanez.cl\/web\/alcalde-radonich-presento-proyectos-de-alcantarillado-electrificacion-y-gasificacion-ante-intendenta-regional-y-subsecretario-de-obras-publicas\/","title":{"rendered":"ALCALDE RADONICH PRESENT\u00d3 PROYECTOS DE ALCANTARILLADO, ELECTRIFICACI\u00d3N Y GASIFICACI\u00d3N ANTE INTENDENTA REGIONAL Y SUBSECRETARIO DE OBRAS P\u00daBLICAS"},"content":{"rendered":"\n<p>Con un detallado balance y una presentaci\u00f3n exhaustiva de los desaf\u00edos en materia de servicios b\u00e1sicos para la comuna, el Alcalde Claudio Radonich expuso los avances que ha desarrollado la ciudad y la cartera de proyectos tanto en gasificaci\u00f3n, alcantarillado y electrificaci\u00f3n, frente al Subsecretario de Obras P\u00fablicas, Crist\u00f3bal Leturia y la Intendenta Regional, Jennifer Rojas.<\/p>\n\n\n\n<p>En la ocasi\u00f3n, la autoridad comunal valor\u00f3 el aporte y trabajo conjunto desarrollado tanto con el Gobierno, los Consejeros Regionales y el Ministerio de Obras P\u00fablicas, lo cual ha permitido avanzar en diversas materias relacionadas con la concreci\u00f3n de proyectos de servicios b\u00e1sicos, postergadas durante muchos a\u00f1os.<\/p>\n\n\n\n<p>Es as\u00ed como en la exposici\u00f3n se recalc\u00f3 que durante los \u00faltimos 4 a\u00f1os, se han invertido m\u00e1s de 5 mil millones de pesos, aumentando la cobertura tanto en Electrificaci\u00f3n, Gas Natural y Agua Potable en distintos puntos de la ciudad de Punta Arenas.<\/p>\n\n\n\n<p>A esto, el jefe comunal agreg\u00f3 que \u201clo m\u00e1s complicado ha sido la concreci\u00f3n de proyectos de alcantarillado, no s\u00f3lo por el Covid, sino tambi\u00e9n por la demora de los procedimientos legales para aumentar las zonas de concesi\u00f3n, pero hoy vemos como ya estamos completando los estudios, lo cual nos permitir\u00e1 ingresar los proyectos de Villa Andrea, Llau Llau y sectores bajos de pampa redonda, durante el mes de marzo de este a\u00f1o\u201d.<\/p>\n\n\n\n<p>En la presentaci\u00f3n, se identificaron los puntos que a\u00fan no cuentan con todos los servicios b\u00e1sicos, raz\u00f3n por la cual el Alcalde, detall\u00f3 el estado de avance y las proyecciones de los mismos.<\/p>\n\n\n\n<p>En lo que refiere a la concreci\u00f3n de alcantarillado, Radonich argument\u00f3 que hoy est\u00e1n en carpeta los proyectos para Pampa Redonda, Villa Generosa y R\u00edo de los Ciervos, frente a lo cual la representante de este \u00faltimo sector, se mostr\u00f3 muy contenta con el trabajo realizado hasta ahora. \u201cEsto demuestra un ordenamiento que hac\u00eda falta, y nosotros particularmente, como vecinos de R\u00edo de los Ciervos, estamos muy felices por el tema del alcantarillado, as\u00ed que agradecemos la invitaci\u00f3n, esperando que este 2021 se concrete\u201d, expres\u00f3 Vanesa Ojeda, secretaria de la Junta de Vecinos de R\u00edo de los Ciervos.<\/p>\n\n\n\n<p>En tanto, lo correspondiente a gasificaci\u00f3n, se inform\u00f3 que actualmente, el municipio cuenta con iniciativas para dotar de este servicio a Ojo Bueno, Loteo Varillas, Loteo Vrsalovic, Pampa Redonda, Llau Llau, Sector Laguna Lynch y Andino.<\/p>\n\n\n\n<p>Asimismo, en lo relacionado a electrificaci\u00f3n, la primera autoridad comunal, detall\u00f3 que hay Proyectos Municipales para la instalaci\u00f3n de Luminarias, Postes y Alumbrado P\u00fablico en cerca de 30 kil\u00f3metros en toda la comuna, lo cual se suma a una iniciativa que beneficiar\u00e1 al sector bajo de Pampa Redonda.<\/p>\n\n\n\n<p>Frente a toda esa informaci\u00f3n, el Subsecretario de Obras P\u00fablicas, Crist\u00f3bal Leturia dijo estar gratamente sorprendido con el nivel de planificaci\u00f3n, expresando que \u201cel Alcalde ha sabido poner en perspectiva todas las necesidades de servicios b\u00e1sicos, por lo que creo que es una gesti\u00f3n muy importante para pensar la ciudad en los pr\u00f3ximos a\u00f1os\u201d.<\/p>\n\n\n\n<p>De igual manera, la Intendenta Regional, Jennifer Rojas a\u00f1adi\u00f3 que \u201cpudimos ver principalmente, como est\u00e1bamos hace algunos a\u00f1os atr\u00e1s y la tremenda gesti\u00f3n que ha desarrollado el Alcalde, de la mano con los dirigentes sociales de diversos sectores de la ciudad, por lo que estamos colaborando en la planificaci\u00f3n, con el fin de poder concretar proyectos y obras para entregar calidad de vida a las personas\u201d.<\/p>\n\n\n\n<p>Finalmente, Radonich recalc\u00f3 que \u201cla ciudad y su crecimiento hay que planificarlo, por lo que hemos trabajado para ello durante los \u00faltimos cuatro a\u00f1os, para no tener que arreglar problemas debido a la mala proyecci\u00f3n de la comuna\u201d.<\/p>\n","protected":false},"excerpt":{"rendered":"<p>Con un detallado balance y una presentaci\u00f3n exhaustiva de los desaf\u00edos en materia de servicios b\u00e1sicos para la comuna, el Alcalde Claudio Radonich expuso los avances que ha desarrollado la&#8230; <a class=\"read-more\" href=\"https:\/\/www.radiopresidenteibanez.cl\/web\/alcalde-radonich-presento-proyectos-de-alcantarillado-electrificacion-y-gasificacion-ante-intendenta-regional-y-subsecretario-de-obras-publicas\/\">Leer m\u00e1s<\/a><\/p>\n","protected":false},"author":2,"featured_media":18707,"comment_status":"closed","ping_status":"closed","sticky":false,"template":"","format":"standard","meta":{"footnotes":""},"categories":[1],"tags":[],"class_list":["post-18706","post","type-post","status-publish","format-standard","has-post-thumbnail","hentry","category-cronica"],"_links":{"self":[{"href":"https:\/\/www.radiopresidenteibanez.cl\/web\/wp-json\/wp\/v2\/posts\/18706","targetHints":{"allow":["GET"]}}],"collection":[{"href":"https:\/\/www.radiopresidenteibanez.cl\/web\/wp-json\/wp\/v2\/posts"}],"about":[{"href":"https:\/\/www.radiopresidenteibanez.cl\/web\/wp-json\/wp\/v2\/types\/post"}],"author":[{"embeddable":true,"href":"https:\/\/www.radiopresidenteibanez.cl\/web\/wp-json\/wp\/v2\/users\/2"}],"replies":[{"embeddable":true,"href":"https:\/\/www.radiopresidenteibanez.cl\/web\/wp-json\/wp\/v2\/comments?post=18706"}],"version-history":[{"count":0,"href":"https:\/\/www.radiopresidenteibanez.cl\/web\/wp-json\/wp\/v2\/posts\/18706\/revisions"}],"wp:featuredmedia":[{"embeddable":true,"href":"https:\/\/www.radiopresidenteibanez.cl\/web\/wp-json\/wp\/v2\/media\/18707"}],"wp:attachment":[{"href":"https:\/\/www.radiopresidenteibanez.cl\/web\/wp-json\/wp\/v2\/media?parent=18706"}],"wp:term":[{"taxonomy":"category","embeddable":true,"href":"https:\/\/www.radiopresidenteibanez.cl\/web\/wp-json\/wp\/v2\/categories?post=18706"},{"taxonomy":"post_tag","embeddable":true,"href":"https:\/\/www.radiopresidenteibanez.cl\/web\/wp-json\/wp\/v2\/tags?post=18706"}],"curies":[{"name":"wp","href":"https:\/\/api.w.org\/{rel}","templated":true}]}}