{"id":18703,"date":"2021-02-20T17:06:15","date_gmt":"2021-02-20T17:06:15","guid":{"rendered":"https:\/\/www.radiopresidenteibanez.cl\/web\/?p=18703"},"modified":"2021-02-20T17:06:20","modified_gmt":"2021-02-20T17:06:20","slug":"tras-dos-semanas-de-vacunacion-laguna-blanca-se-convierte-en-la-primera-comuna-del-pais-en-superar-el-100-de-cobertura","status":"publish","type":"post","link":"https:\/\/www.radiopresidenteibanez.cl\/web\/tras-dos-semanas-de-vacunacion-laguna-blanca-se-convierte-en-la-primera-comuna-del-pais-en-superar-el-100-de-cobertura\/","title":{"rendered":"TRAS DOS SEMANAS DE VACUNACI\u00d3N, LAGUNA BLANCA SE CONVIERTE EN LA PRIMERA COMUNA  DEL PA\u00cdS EN SUPERAR EL 100% DE COBERTURA"},"content":{"rendered":"\n<p>En un ejemplo nacional se\nconvirti\u00f3 la comuna de Laguna Blanca en la regi\u00f3n de&nbsp; Magallanes, situada a 100 km de Punta Arenas,\nen esta Campa\u00f1a de Vacunaci\u00f3n Contra el Covid. <\/p>\n\n\n\n<p>El motivo es haber superado\nya la inoculaci\u00f3n de su poblaci\u00f3n objetivo y registrar un 116 %&nbsp; de cumplimiento. De un universo de 207\npersonas ya han sido vacunadas contra el Sars Cov-2, 241 personas.<\/p>\n\n\n\n<p>Si bien Villa Tehuelche es\nuna localidad peque\u00f1a, el m\u00e9rito de su Posta Rural y el equipo humano, es\nabarcar las extensas estancias y el dif\u00edcil acceso a \u00e9stas para inocular a los\ntrabajadores entre los cuales destaca la figura de los solitarios ovejeros que\nrecorren a caballo estos australes campos con viento, fr\u00edo, lluvia y nieve. <\/p>\n\n\n\n<p>El esfuerzo realizado es\nimportante y ha posibilitado que la poblaci\u00f3n sobre los 51 a\u00f1os hasta los 80\na\u00f1os y m\u00e1s de esta comuna ya han logrado una cobertura superior al 100%,\nmientras que el grupo de 41 a 50 a\u00f1os est\u00e1 vacunado en un 80% .<\/p>\n\n\n\n<p>El SEREMI de Salud (s),\nEduardo Castillo, destac\u00f3 el logro alcanzado por la comuna rural de Laguna\nBlanca, superando el 100% del p\u00fablico objetivo, \u201cEsto ha sido un enorme\nesfuerzo, un trabajo mancomunado del sector salud de su Alcalde y el Consejo\nMunicipal, de todo el personal de las postas rurales. Ha sido el esfuerzo de\npoder llegar a todos los vecinos hasta los lugares muy lejanos. Han superado el\n100% porque no solo han podido a atender a la poblaci\u00f3n que vive en su comuna,\nsino que tambi\u00e9n a quienes por motivo de trabajo concurren a esa localidad. Es\nun tremendo reconocimiento a una comuna rural que queremos extender a todas las\ncomunas rurales de Magallanes que, con esfuerzo, recorriendo grandes\ndistancias, a pesar del clima han podido cumplir con la meta que nos hab\u00edamos\npropuesta y superarla\u201d.<\/p>\n\n\n\n<p>Al respecto la Intendenta de\nMagalanes, Jenniffer Rojas agreg\u00f3 que: \u201cEste logro de superar el 100% de\npersonas vacunadas demuestra que el trabajo conjunto otorga buenos resultados,\nque es el camino que debemos tomar en Magallanes en todos los \u00e1mbitos. Los\nfuncionarios de salud y del municipio han hecho un gran esfuerzo para cubrir\ntoda la comuna y llegar a todos los vecinos y vecinas. Ha habido un despliegue\nmuy significativo y eso hay que reconocerlo. Felicito al alcalde Ritter y a\ntoda la comunidad de Laguna Blanca\u201d<\/p>\n","protected":false},"excerpt":{"rendered":"<p>En un ejemplo nacional se convirti\u00f3 la comuna de Laguna Blanca en la regi\u00f3n de&nbsp; Magallanes, situada a 100 km de Punta Arenas, en esta Campa\u00f1a de Vacunaci\u00f3n Contra el&#8230; <a class=\"read-more\" href=\"https:\/\/www.radiopresidenteibanez.cl\/web\/tras-dos-semanas-de-vacunacion-laguna-blanca-se-convierte-en-la-primera-comuna-del-pais-en-superar-el-100-de-cobertura\/\">Leer m\u00e1s<\/a><\/p>\n","protected":false},"author":2,"featured_media":18704,"comment_status":"closed","ping_status":"closed","sticky":false,"template":"","format":"standard","meta":{"footnotes":""},"categories":[1],"tags":[],"class_list":["post-18703","post","type-post","status-publish","format-standard","has-post-thumbnail","hentry","category-cronica"],"_links":{"self":[{"href":"https:\/\/www.radiopresidenteibanez.cl\/web\/wp-json\/wp\/v2\/posts\/18703","targetHints":{"allow":["GET"]}}],"collection":[{"href":"https:\/\/www.radiopresidenteibanez.cl\/web\/wp-json\/wp\/v2\/posts"}],"about":[{"href":"https:\/\/www.radiopresidenteibanez.cl\/web\/wp-json\/wp\/v2\/types\/post"}],"author":[{"embeddable":true,"href":"https:\/\/www.radiopresidenteibanez.cl\/web\/wp-json\/wp\/v2\/users\/2"}],"replies":[{"embeddable":true,"href":"https:\/\/www.radiopresidenteibanez.cl\/web\/wp-json\/wp\/v2\/comments?post=18703"}],"version-history":[{"count":0,"href":"https:\/\/www.radiopresidenteibanez.cl\/web\/wp-json\/wp\/v2\/posts\/18703\/revisions"}],"wp:featuredmedia":[{"embeddable":true,"href":"https:\/\/www.radiopresidenteibanez.cl\/web\/wp-json\/wp\/v2\/media\/18704"}],"wp:attachment":[{"href":"https:\/\/www.radiopresidenteibanez.cl\/web\/wp-json\/wp\/v2\/media?parent=18703"}],"wp:term":[{"taxonomy":"category","embeddable":true,"href":"https:\/\/www.radiopresidenteibanez.cl\/web\/wp-json\/wp\/v2\/categories?post=18703"},{"taxonomy":"post_tag","embeddable":true,"href":"https:\/\/www.radiopresidenteibanez.cl\/web\/wp-json\/wp\/v2\/tags?post=18703"}],"curies":[{"name":"wp","href":"https:\/\/api.w.org\/{rel}","templated":true}]}}