{"id":18700,"date":"2021-02-21T02:45:00","date_gmt":"2021-02-21T02:45:00","guid":{"rendered":"https:\/\/www.radiopresidenteibanez.cl\/web\/?p=18700"},"modified":"2021-02-20T17:04:12","modified_gmt":"2021-02-20T17:04:12","slug":"dr-darwin-letelier-asumio-formalmente-la-titularidad-del-cargo-en-hospital-natales","status":"publish","type":"post","link":"https:\/\/www.radiopresidenteibanez.cl\/web\/dr-darwin-letelier-asumio-formalmente-la-titularidad-del-cargo-en-hospital-natales\/","title":{"rendered":"DR. DARWIN LETELIER ASUMI\u00d3 FORMALMENTE  LA TITULARIDAD DEL CARGO EN HOSPITAL NATALES"},"content":{"rendered":"\n<p>En una \u00edntima y\nsimb\u00f3lica ceremonia, resguardando los aforos y medidas de prevenci\u00f3n, el Doctor\nDarwin Letelier Escobar, asumi\u00f3 en calidad de director titular, la Direcci\u00f3n\ndel Hospital Dr. Augusto Essmann Burgos de Puerto Natales, acompa\u00f1ado por el director\ndel Servicio de Salud Magallanes, Nelson Reyes Silva.<\/p>\n\n\n\n<p>\u201cDurante todo\neste per\u00edodo el doctor Letelier ha demostrado una gran capacidad de liderazgo,\norganizaci\u00f3n y ha logrado recuperar la confianza de la comunidad con el Hospital.\nCreemos que lo que va a demostrar el doctor va a permitir emprender los nuevos\ndesaf\u00edos, que son las listas de espera, intervenciones quir\u00fargicas,\nprocedimientos y consultas\u201d, se\u00f1al\u00f3 el director Reyes. <\/p>\n\n\n\n<p>En el concurso\nde ADP participaron m\u00e1s de 80 profesionales, y finaliz\u00f3 con una terna compuesta\npor un m\u00e9dico, un ingeniero Comercial y un ingeniero de Administraci\u00f3n de\nEmpresas. <\/p>\n\n\n\n<p>El facultativo\ncuenta con m\u00e1s de 25 a\u00f1os de experiencia y en el sector salud y posee una\nMaestr\u00eda en Administraci\u00f3n de Empresas de Gesti\u00f3n en Salud, con estudios en la\nUniversidad Harvard y otros diplomados.<\/p>\n\n\n\n<p>\u201cTenemos\nbastante trabajo por hacer. Apostamos por entregarle seguridad en la atenci\u00f3n a\nnuestros natalinos y a los habitantes de la Provincia de \u00daltima Esperanza. Tenemos\nque profesionalizar las capacidades institucionales del Hospital, de los\nprofesionales y no profesionales. Tenemos que acortar la lista de espera y\nrecuperar los temas que han quedado afuera por la pandemia, pero creo que la\ncomunidad y el Hospital ha recibido bastante bien este nombramiento\u201d, se\u00f1al\u00f3 el\ndoctor Letelier. <\/p>\n\n\n\n<p>El cargo de ADP\nen el que fue seleccionado el m\u00e9dico, consta de un per\u00edodo de 3 a\u00f1os a contar\ndel 1 de febrero del a\u00f1o en curso.<\/p>\n\n\n\n<p>A la ceremonia\ntambi\u00e9n asisti\u00f3 la Gobernadora de la Provincia de \u00daltima Esperanza, Ericka\nFar\u00edas, quien realz\u00f3 la labor realizada por los profesionales del Hospital de\nNatales en lo que va de pandemia. <br>\n<br>\n<\/p>\n\n\n\n<p>\u201cEn una \u00e9poca\ncomo la que estamos viviendo es muy importante que en cada hospital exista un\ndirector titular y hoy d\u00eda lo tenemos en Natales. Es una tarea dif\u00edcil que\nestamos enfrentando en materia sanitaria, pero agradezco a todos los\nfuncionarios y a \u00e9l mismo (Dr. Letelier) cuando estaba en calidad de subrogante,\nde hacer todos los esfuerzos para salir adelante. As\u00ed que felicito a todos los\nfuncionarios y al director que hoy asume esta importante misi\u00f3n que es\nresguardar la salud de Natales y la Provincia\u201d, precis\u00f3 la gobernadora Far\u00edas.<\/p>\n\n\n\n<p>El presidente\ndel Consejo Consultivo del Hospital Dr. Augusto Essmann Burgos de Puerto\nNatales, Arturo P\u00e9rez, agradeci\u00f3 las gestiones realizadas por el director del\nServicio Nelson Reyes, y el compromiso que ha tenido con la comunidad natalina,\nen la soluci\u00f3n de patolog\u00edas que necesitan la atenci\u00f3n de especialistas. <\/p>\n\n\n\n<p>\u201cEs muy\nimportante para nuestra comunidad que el director Letelier sea m\u00e9dico. Esto le\nentrega m\u00e1s confianza a la comunidad ya que hace muchos a\u00f1os este hospital no\nten\u00eda un director de profesi\u00f3n m\u00e9dica. Es importante que la comunidad entienda\nque el Hospital de Natales es de mediana complejidad donde nos gustar\u00eda tener a\ntodos los especialistas y ojal\u00e1 este a\u00f1o podamos tener la realizaci\u00f3n de rondas\nm\u00e9dicas\u201d, finaliz\u00f3 P\u00e9rez.<\/p>\n","protected":false},"excerpt":{"rendered":"<p>En una \u00edntima y simb\u00f3lica ceremonia, resguardando los aforos y medidas de prevenci\u00f3n, el Doctor Darwin Letelier Escobar, asumi\u00f3 en calidad de director titular, la Direcci\u00f3n del Hospital Dr. Augusto&#8230; <a class=\"read-more\" href=\"https:\/\/www.radiopresidenteibanez.cl\/web\/dr-darwin-letelier-asumio-formalmente-la-titularidad-del-cargo-en-hospital-natales\/\">Leer m\u00e1s<\/a><\/p>\n","protected":false},"author":2,"featured_media":18701,"comment_status":"closed","ping_status":"closed","sticky":false,"template":"","format":"standard","meta":{"footnotes":""},"categories":[1],"tags":[],"class_list":["post-18700","post","type-post","status-publish","format-standard","has-post-thumbnail","hentry","category-cronica"],"_links":{"self":[{"href":"https:\/\/www.radiopresidenteibanez.cl\/web\/wp-json\/wp\/v2\/posts\/18700","targetHints":{"allow":["GET"]}}],"collection":[{"href":"https:\/\/www.radiopresidenteibanez.cl\/web\/wp-json\/wp\/v2\/posts"}],"about":[{"href":"https:\/\/www.radiopresidenteibanez.cl\/web\/wp-json\/wp\/v2\/types\/post"}],"author":[{"embeddable":true,"href":"https:\/\/www.radiopresidenteibanez.cl\/web\/wp-json\/wp\/v2\/users\/2"}],"replies":[{"embeddable":true,"href":"https:\/\/www.radiopresidenteibanez.cl\/web\/wp-json\/wp\/v2\/comments?post=18700"}],"version-history":[{"count":0,"href":"https:\/\/www.radiopresidenteibanez.cl\/web\/wp-json\/wp\/v2\/posts\/18700\/revisions"}],"wp:featuredmedia":[{"embeddable":true,"href":"https:\/\/www.radiopresidenteibanez.cl\/web\/wp-json\/wp\/v2\/media\/18701"}],"wp:attachment":[{"href":"https:\/\/www.radiopresidenteibanez.cl\/web\/wp-json\/wp\/v2\/media?parent=18700"}],"wp:term":[{"taxonomy":"category","embeddable":true,"href":"https:\/\/www.radiopresidenteibanez.cl\/web\/wp-json\/wp\/v2\/categories?post=18700"},{"taxonomy":"post_tag","embeddable":true,"href":"https:\/\/www.radiopresidenteibanez.cl\/web\/wp-json\/wp\/v2\/tags?post=18700"}],"curies":[{"name":"wp","href":"https:\/\/api.w.org\/{rel}","templated":true}]}}