{"id":18694,"date":"2021-02-20T16:55:01","date_gmt":"2021-02-20T16:55:01","guid":{"rendered":"https:\/\/www.radiopresidenteibanez.cl\/web\/?p=18694"},"modified":"2021-02-20T16:55:07","modified_gmt":"2021-02-20T16:55:07","slug":"mamografo-movil-continua-en-ruta-por-magallanes","status":"publish","type":"post","link":"https:\/\/www.radiopresidenteibanez.cl\/web\/mamografo-movil-continua-en-ruta-por-magallanes\/","title":{"rendered":"MAM\u00d3GRAFO M\u00d3VIL CONTIN\u00daA EN RUTA POR MAGALLANES"},"content":{"rendered":"\n<p>Hasta la comuna de\nLaguna Blanca, se traslad\u00f3 la Unidad de Mamograf\u00eda M\u00f3vil del Servicio de Salud\nMagallanes, a fin de brindar atenci\u00f3n a usuarias de la Posta de Salud Rural de Villa\nTehuelches que se encuentran en listas de espera por un examen radiol\u00f3gico.<\/p>\n\n\n\n<p>Jos\u00e9 G\u00f3mez, coordinador\nmam\u00f3grafo m\u00f3vil, se\u00f1al\u00f3 que el operativo apunta a mujeres entre 50 y 69 a\u00f1os,\nquienes son el primer grupo objetivo de esta nueva estrategia, que busca\nacercar la atenci\u00f3n de salud en el territorio y a la vez, incentivar la\ndetecci\u00f3n precoz de esta patolog\u00eda oncol\u00f3gica, principal causa de muerte en\nmujeres en Magallanes.<\/p>\n\n\n\n<p>\u201cDentro de la ruta\nprogramada del mam\u00f3grafo vamos a realizar un operativo en la comuna de Laguna\nBlanca, para resolver los ex\u00e1menes de mamograf\u00edas pendientes de las\nbeneficiarias que pertenecen a la posta de salud rural de Villa Tehuelche,\nnosotros ya hemos coordinado de manera anticipada con el municipio y con el\nencargado de la posta, Jaime Arteaga, para que podamos realizar el operativo en\nla ma\u00f1ana como en la tarde, (\u2026) este es un compromiso que asumi\u00f3 el Servicio de\nSalud, en especial nuestro director Nelson Reyes Silva, para que facilitemos el\nacceso del examen a la comunidad y por otro lado, potenciar el pilar preventivo\nde pesquisa precoz y oportuna del c\u00e1ncer de mama en la poblaci\u00f3n de mujeres de\nnuestra regi\u00f3n, considerando los altos \u00edndices de mortalidad\u201d, puntualiz\u00f3 el\nprofesional.<\/p>\n\n\n\n<p>Seg\u00fan informaci\u00f3n\nproporcionada desde la Subdirecci\u00f3n de Atenci\u00f3n Primaria del organismo, el\npr\u00f3ximo 23 y 24 de febrero el dispositivo m\u00f3vil visitar\u00e1 la Posta de Salud Rural\nde R\u00edo Verde, para luego trasladarse los d\u00edas 25 y 26, hasta la Posta de Punta\nDelgada, en la comuna de San Gregorio.<\/p>\n","protected":false},"excerpt":{"rendered":"<p>Hasta la comuna de Laguna Blanca, se traslad\u00f3 la Unidad de Mamograf\u00eda M\u00f3vil del Servicio de Salud Magallanes, a fin de brindar atenci\u00f3n a usuarias de la Posta de Salud&#8230; <a class=\"read-more\" href=\"https:\/\/www.radiopresidenteibanez.cl\/web\/mamografo-movil-continua-en-ruta-por-magallanes\/\">Leer m\u00e1s<\/a><\/p>\n","protected":false},"author":2,"featured_media":18695,"comment_status":"closed","ping_status":"closed","sticky":false,"template":"","format":"standard","meta":{"footnotes":""},"categories":[1],"tags":[],"class_list":["post-18694","post","type-post","status-publish","format-standard","has-post-thumbnail","hentry","category-cronica"],"_links":{"self":[{"href":"https:\/\/www.radiopresidenteibanez.cl\/web\/wp-json\/wp\/v2\/posts\/18694","targetHints":{"allow":["GET"]}}],"collection":[{"href":"https:\/\/www.radiopresidenteibanez.cl\/web\/wp-json\/wp\/v2\/posts"}],"about":[{"href":"https:\/\/www.radiopresidenteibanez.cl\/web\/wp-json\/wp\/v2\/types\/post"}],"author":[{"embeddable":true,"href":"https:\/\/www.radiopresidenteibanez.cl\/web\/wp-json\/wp\/v2\/users\/2"}],"replies":[{"embeddable":true,"href":"https:\/\/www.radiopresidenteibanez.cl\/web\/wp-json\/wp\/v2\/comments?post=18694"}],"version-history":[{"count":0,"href":"https:\/\/www.radiopresidenteibanez.cl\/web\/wp-json\/wp\/v2\/posts\/18694\/revisions"}],"wp:featuredmedia":[{"embeddable":true,"href":"https:\/\/www.radiopresidenteibanez.cl\/web\/wp-json\/wp\/v2\/media\/18695"}],"wp:attachment":[{"href":"https:\/\/www.radiopresidenteibanez.cl\/web\/wp-json\/wp\/v2\/media?parent=18694"}],"wp:term":[{"taxonomy":"category","embeddable":true,"href":"https:\/\/www.radiopresidenteibanez.cl\/web\/wp-json\/wp\/v2\/categories?post=18694"},{"taxonomy":"post_tag","embeddable":true,"href":"https:\/\/www.radiopresidenteibanez.cl\/web\/wp-json\/wp\/v2\/tags?post=18694"}],"curies":[{"name":"wp","href":"https:\/\/api.w.org\/{rel}","templated":true}]}}