{"id":18692,"date":"2021-02-22T02:15:00","date_gmt":"2021-02-22T02:15:00","guid":{"rendered":"https:\/\/www.radiopresidenteibanez.cl\/web\/?p=18692"},"modified":"2021-02-20T16:51:59","modified_gmt":"2021-02-20T16:51:59","slug":"se-abre-nuevo-periodo-para-postulacion-a-beneficios-estudiantiles-en-la-educacion-superior","status":"publish","type":"post","link":"https:\/\/www.radiopresidenteibanez.cl\/web\/se-abre-nuevo-periodo-para-postulacion-a-beneficios-estudiantiles-en-la-educacion-superior\/","title":{"rendered":"SE ABRE NUEVO PER\u00cdODO PARA POSTULACI\u00d3N A BENEFICIOS ESTUDIANTILES EN LA EDUCACI\u00d3N SUPERIOR"},"content":{"rendered":"\n<p>Este jueves 18 de febrero se abri\u00f3 un nuevo per\u00edodo de postulaci\u00f3n para los beneficios estudiantiles, el que se extender\u00e1 hasta el 18 de marzo, seg\u00fan inform\u00f3 la Subsecretar\u00eda de Educaci\u00f3n Superior del Ministerio de Educaci\u00f3n. En esta oportunidad, quienes por diferentes motivos no hayan postulado en la primera etapa podr\u00e1n hacerlo para acceder a los m\u00e1s de 19 beneficios entre gratuidad, becas y cr\u00e9ditos para el a\u00f1o acad\u00e9mico 2021.<\/p>\n\n\n\n<p>Los interesados deben ingresar al sitio <a href=\"http:\/\/www.fuas.cl\">www.fuas.cl<\/a>, y llenar el Formulario \u00danico de Acreditaci\u00f3n\nSocioecon\u00f3mica (FUAS). Ah\u00ed se les solicitar\u00e1 informaci\u00f3n sobre grupo familiar y\ndatos sobre ingresos econ\u00f3micos. <\/p>\n\n\n\n<p>En esta nueva etapa pueden postular todos los estudiantes que en 2021\ningresar\u00e1n a primer a\u00f1o de educaci\u00f3n superior, y tambi\u00e9n quienes ya est\u00e9n\ncursando una carrera y no cuenten actualmente con ayudas estatales. Por otra\nparte, quienes ya tengan asignado un beneficio no necesitan volver a postular,\npero s\u00ed pueden hacerlo en caso de que quieran optar a un beneficio distinto al\nque tienen. Si no logran acceder a \u00e9l, mantendr\u00e1n el ya existente. \n\nPara m\u00e1s informaci\u00f3n, los postulantes pueden revisar\nel sitio <a href=\"http:\/\/www.beneficiosestudiantiles.cl\">www.beneficiosestudiantiles.cl<\/a> donde encontrar\u00e1n datos sobre fechas de resultados,\nasignaciones y las diferentes etapas de este proceso. \n\n\n\n<\/p>\n","protected":false},"excerpt":{"rendered":"<p>Este jueves 18 de febrero se abri\u00f3 un nuevo per\u00edodo de postulaci\u00f3n para los beneficios estudiantiles, el que se extender\u00e1 hasta el 18 de marzo, seg\u00fan inform\u00f3 la Subsecretar\u00eda de&#8230; <a class=\"read-more\" href=\"https:\/\/www.radiopresidenteibanez.cl\/web\/se-abre-nuevo-periodo-para-postulacion-a-beneficios-estudiantiles-en-la-educacion-superior\/\">Leer m\u00e1s<\/a><\/p>\n","protected":false},"author":2,"featured_media":7774,"comment_status":"closed","ping_status":"closed","sticky":false,"template":"","format":"standard","meta":{"footnotes":""},"categories":[1],"tags":[],"class_list":["post-18692","post","type-post","status-publish","format-standard","has-post-thumbnail","hentry","category-cronica"],"_links":{"self":[{"href":"https:\/\/www.radiopresidenteibanez.cl\/web\/wp-json\/wp\/v2\/posts\/18692","targetHints":{"allow":["GET"]}}],"collection":[{"href":"https:\/\/www.radiopresidenteibanez.cl\/web\/wp-json\/wp\/v2\/posts"}],"about":[{"href":"https:\/\/www.radiopresidenteibanez.cl\/web\/wp-json\/wp\/v2\/types\/post"}],"author":[{"embeddable":true,"href":"https:\/\/www.radiopresidenteibanez.cl\/web\/wp-json\/wp\/v2\/users\/2"}],"replies":[{"embeddable":true,"href":"https:\/\/www.radiopresidenteibanez.cl\/web\/wp-json\/wp\/v2\/comments?post=18692"}],"version-history":[{"count":0,"href":"https:\/\/www.radiopresidenteibanez.cl\/web\/wp-json\/wp\/v2\/posts\/18692\/revisions"}],"wp:featuredmedia":[{"embeddable":true,"href":"https:\/\/www.radiopresidenteibanez.cl\/web\/wp-json\/wp\/v2\/media\/7774"}],"wp:attachment":[{"href":"https:\/\/www.radiopresidenteibanez.cl\/web\/wp-json\/wp\/v2\/media?parent=18692"}],"wp:term":[{"taxonomy":"category","embeddable":true,"href":"https:\/\/www.radiopresidenteibanez.cl\/web\/wp-json\/wp\/v2\/categories?post=18692"},{"taxonomy":"post_tag","embeddable":true,"href":"https:\/\/www.radiopresidenteibanez.cl\/web\/wp-json\/wp\/v2\/tags?post=18692"}],"curies":[{"name":"wp","href":"https:\/\/api.w.org\/{rel}","templated":true}]}}