{"id":18685,"date":"2021-02-21T02:15:00","date_gmt":"2021-02-21T02:15:00","guid":{"rendered":"https:\/\/www.radiopresidenteibanez.cl\/web\/?p=18685"},"modified":"2021-02-20T16:33:47","modified_gmt":"2021-02-20T16:33:47","slug":"serviu-informa-nuevo-acceso-al-servicio-medico-legal-por-avance-en-reposicion-de-calzada-de-calle-lautaro-navarro","status":"publish","type":"post","link":"https:\/\/www.radiopresidenteibanez.cl\/web\/serviu-informa-nuevo-acceso-al-servicio-medico-legal-por-avance-en-reposicion-de-calzada-de-calle-lautaro-navarro\/","title":{"rendered":"SERVIU INFORMA NUEVO ACCESO AL SERVICIO M\u00c9DICO LEGAL POR AVANCE EN REPOSICI\u00d3N DE CALZADA DE CALLE LAUTARO NAVARRO"},"content":{"rendered":"\n<p>El Servicio de Vivienda y Urbanizaci\u00f3n (SERVIU), informa que debido al avance en la reposici\u00f3n de calzada de calle Lautaro Navarro, a contar del martes 23 de febrero, el acceso de veh\u00edculos autorizados para ingresar al Servicio M\u00e9dico Legal, ser\u00e1 desde calle Jos\u00e9 Miguel Carrera, ya que las faenas avanzan en sentido norte-sur.<\/p>\n\n\n\n<p>Los veh\u00edculos autorizados para ingresar a calle Lautaro Navarro son los usados por el propio Servicio M\u00e9dico Legal para traslado por an\u00e1lisis tanatol\u00f3gicos, veh\u00edculos de empresas funerarias y veh\u00edculos de Gendarmer\u00eda que realizan traslados para peritajes y toma de muestras. En tanto el acceso peatonal se encuentra totalmente habilitado.<\/p>\n\n\n\n<p>El tramo de calle Lautaro Navarro en reposici\u00f3n, donde se ubican los accesos al Servicio M\u00e9dico Legal, un ingreso posterior al Cementerio Municipal Sara Braun y la entrada al Estadio Ram\u00f3n Ca\u00f1as Montalva, presentaba un avanzado estado de deterioro. Por esta raz\u00f3n su reposici\u00f3n se incorpor\u00f3 en un proyecto de conservaci\u00f3n de v\u00edas urbanas, llevado adelante por el Ministerio de Vivienda y Urbanismo, que considera la renovaci\u00f3n de 5 mil metros cuadrados de pavimentos de calzadas en el centro y norte de Punta Arenas, con una inversi\u00f3n sectorial superior a los 660 millones de pesos.<\/p>\n","protected":false},"excerpt":{"rendered":"<p>El Servicio de Vivienda y Urbanizaci\u00f3n (SERVIU), informa que debido al avance en la reposici\u00f3n de calzada de calle Lautaro Navarro, a contar del martes 23 de febrero, el acceso&#8230; <a class=\"read-more\" href=\"https:\/\/www.radiopresidenteibanez.cl\/web\/serviu-informa-nuevo-acceso-al-servicio-medico-legal-por-avance-en-reposicion-de-calzada-de-calle-lautaro-navarro\/\">Leer m\u00e1s<\/a><\/p>\n","protected":false},"author":2,"featured_media":18686,"comment_status":"closed","ping_status":"closed","sticky":false,"template":"","format":"standard","meta":{"footnotes":""},"categories":[1],"tags":[],"class_list":["post-18685","post","type-post","status-publish","format-standard","has-post-thumbnail","hentry","category-cronica"],"_links":{"self":[{"href":"https:\/\/www.radiopresidenteibanez.cl\/web\/wp-json\/wp\/v2\/posts\/18685","targetHints":{"allow":["GET"]}}],"collection":[{"href":"https:\/\/www.radiopresidenteibanez.cl\/web\/wp-json\/wp\/v2\/posts"}],"about":[{"href":"https:\/\/www.radiopresidenteibanez.cl\/web\/wp-json\/wp\/v2\/types\/post"}],"author":[{"embeddable":true,"href":"https:\/\/www.radiopresidenteibanez.cl\/web\/wp-json\/wp\/v2\/users\/2"}],"replies":[{"embeddable":true,"href":"https:\/\/www.radiopresidenteibanez.cl\/web\/wp-json\/wp\/v2\/comments?post=18685"}],"version-history":[{"count":0,"href":"https:\/\/www.radiopresidenteibanez.cl\/web\/wp-json\/wp\/v2\/posts\/18685\/revisions"}],"wp:featuredmedia":[{"embeddable":true,"href":"https:\/\/www.radiopresidenteibanez.cl\/web\/wp-json\/wp\/v2\/media\/18686"}],"wp:attachment":[{"href":"https:\/\/www.radiopresidenteibanez.cl\/web\/wp-json\/wp\/v2\/media?parent=18685"}],"wp:term":[{"taxonomy":"category","embeddable":true,"href":"https:\/\/www.radiopresidenteibanez.cl\/web\/wp-json\/wp\/v2\/categories?post=18685"},{"taxonomy":"post_tag","embeddable":true,"href":"https:\/\/www.radiopresidenteibanez.cl\/web\/wp-json\/wp\/v2\/tags?post=18685"}],"curies":[{"name":"wp","href":"https:\/\/api.w.org\/{rel}","templated":true}]}}