{"id":18665,"date":"2021-02-19T18:21:40","date_gmt":"2021-02-19T18:21:40","guid":{"rendered":"https:\/\/www.radiopresidenteibanez.cl\/web\/?p=18665"},"modified":"2021-02-19T18:21:46","modified_gmt":"2021-02-19T18:21:46","slug":"seremi-de-la-mujer-y-la-equidad-de-genero-y-pdi-establecen-trabajo-colaborativo-para-acoger-llamados-y-denuncias-sobre-violencia-contra-la-mujer-en-la-region","status":"publish","type":"post","link":"https:\/\/www.radiopresidenteibanez.cl\/web\/seremi-de-la-mujer-y-la-equidad-de-genero-y-pdi-establecen-trabajo-colaborativo-para-acoger-llamados-y-denuncias-sobre-violencia-contra-la-mujer-en-la-region\/","title":{"rendered":"SEREMI DE LA MUJER Y LA EQUIDAD DE G\u00c9NERO Y PDI ESTABLECEN TRABAJO COLABORATIVO PARA ACOGER LLAMADOS Y DENUNCIAS SOBRE VIOLENCIA CONTRA LA MUJER EN LA REGI\u00d3N"},"content":{"rendered":"\n<p>La Seremi de la\nMujer y la Equidad de G\u00e9nero Daisy Carrera Ocaranza, se reuni\u00f3 con el Jefe de la\nRegi\u00f3n Policial de Magallanes y la Ant\u00e1rtica Chilena, Prefecto Inspector, Jos\u00e9\nCarrasco Le\u00f3n, el Subprefecto Jaime Rossel, Jefe de la Brigada de Investigaci\u00f3n\nCriminal y el Subprefecto H\u00e9ctor Mar\u00edn, Jefe de la Brigada de Homicidios, para\ncoordinar un trabajo colaborativo y atender con sentido de urgencia las\nllamadas y denuncias de violencia contra la mujer, en el marco de la emergencia\ndel Coronavirus, que puede incidir en un aumento de casos producto de la\ncuarentena y el confinamiento.<\/p>\n\n\n\n<p>En ese sentido,\nambas autoridades levantaron un Plan de Contingencia que incluye, entre varias\nmedidas, la permanente coordinaci\u00f3n con organismos p\u00fablicos y as\u00ed asegurar la\natenci\u00f3n oportuna a todas las mujeres que puedan estar sufriendo violencia de\ng\u00e9nero.<\/p>\n\n\n\n<p>En la ocasi\u00f3n,\nadem\u00e1s se reafirm\u00f3 la voluntad de seguir trabajando coordinadamente en la\ndifusi\u00f3n de los canales para denunciar hechos de violencia contra las mujeres,\ndirigidos tanto a v\u00edctimas, como testigos.<\/p>\n\n\n\n<ul class=\"wp-block-list\"><li>Fono Denuncia PDI:\n134 <\/li><li>WhatsApp Mujer +56\n9 9700 7000 &#8211; Silencioso y seguro.<\/li><\/ul>\n","protected":false},"excerpt":{"rendered":"<p>La Seremi de la Mujer y la Equidad de G\u00e9nero Daisy Carrera Ocaranza, se reuni\u00f3 con el Jefe de la Regi\u00f3n Policial de Magallanes y la Ant\u00e1rtica Chilena, Prefecto Inspector,&#8230; <a class=\"read-more\" href=\"https:\/\/www.radiopresidenteibanez.cl\/web\/seremi-de-la-mujer-y-la-equidad-de-genero-y-pdi-establecen-trabajo-colaborativo-para-acoger-llamados-y-denuncias-sobre-violencia-contra-la-mujer-en-la-region\/\">Leer m\u00e1s<\/a><\/p>\n","protected":false},"author":2,"featured_media":18666,"comment_status":"closed","ping_status":"closed","sticky":false,"template":"","format":"standard","meta":{"footnotes":""},"categories":[1],"tags":[],"class_list":["post-18665","post","type-post","status-publish","format-standard","has-post-thumbnail","hentry","category-cronica"],"_links":{"self":[{"href":"https:\/\/www.radiopresidenteibanez.cl\/web\/wp-json\/wp\/v2\/posts\/18665","targetHints":{"allow":["GET"]}}],"collection":[{"href":"https:\/\/www.radiopresidenteibanez.cl\/web\/wp-json\/wp\/v2\/posts"}],"about":[{"href":"https:\/\/www.radiopresidenteibanez.cl\/web\/wp-json\/wp\/v2\/types\/post"}],"author":[{"embeddable":true,"href":"https:\/\/www.radiopresidenteibanez.cl\/web\/wp-json\/wp\/v2\/users\/2"}],"replies":[{"embeddable":true,"href":"https:\/\/www.radiopresidenteibanez.cl\/web\/wp-json\/wp\/v2\/comments?post=18665"}],"version-history":[{"count":0,"href":"https:\/\/www.radiopresidenteibanez.cl\/web\/wp-json\/wp\/v2\/posts\/18665\/revisions"}],"wp:featuredmedia":[{"embeddable":true,"href":"https:\/\/www.radiopresidenteibanez.cl\/web\/wp-json\/wp\/v2\/media\/18666"}],"wp:attachment":[{"href":"https:\/\/www.radiopresidenteibanez.cl\/web\/wp-json\/wp\/v2\/media?parent=18665"}],"wp:term":[{"taxonomy":"category","embeddable":true,"href":"https:\/\/www.radiopresidenteibanez.cl\/web\/wp-json\/wp\/v2\/categories?post=18665"},{"taxonomy":"post_tag","embeddable":true,"href":"https:\/\/www.radiopresidenteibanez.cl\/web\/wp-json\/wp\/v2\/tags?post=18665"}],"curies":[{"name":"wp","href":"https:\/\/api.w.org\/{rel}","templated":true}]}}