{"id":18654,"date":"2021-02-19T14:15:00","date_gmt":"2021-02-19T14:15:00","guid":{"rendered":"https:\/\/www.radiopresidenteibanez.cl\/web\/?p=18654"},"modified":"2021-02-18T15:42:58","modified_gmt":"2021-02-18T15:42:58","slug":"alcalde-y-equipo-municipal-de-natales-visitaran-la-apartada-localidad-de-puerto-eden","status":"publish","type":"post","link":"https:\/\/www.radiopresidenteibanez.cl\/web\/alcalde-y-equipo-municipal-de-natales-visitaran-la-apartada-localidad-de-puerto-eden\/","title":{"rendered":"ALCALDE Y EQUIPO MUNICIPAL DE NATALES VISITAR\u00c1N LA APARTADA LOCALIDAD DE PUERTO ED\u00c9N"},"content":{"rendered":"\n<p>Una serie de\nactividades realizar\u00e1 el alcalde de la comuna junto al equipo municipal en su\nvisita a Puerto Ed\u00e9n. El arribo tiene como objetivo agilizar proyectos\ndesarrollados por la municipalidad y poder conversar con los vecinos diferentes\ntemas de inter\u00e9s, tales como el retorno a clases y otras inquietudes.<\/p>\n\n\n\n<p>Uno de los\npuntos principales de la visita ser\u00e1 trasladar hasta Puerto Ed\u00e9n un sinn\u00famero\nde ayudas sociales que contin\u00faen entregando apoyo a los vecinos durante la\npandemia. Adem\u00e1s de las ayudas sociales y la presencia de la Direcci\u00f3n de\nDesarrollo Comunitario (Dideco), el municipio desplegar\u00e1 un equipo de la\nSecreter\u00eda Comunal de Planificaci\u00f3n (Secplan) para revisar cada uno de los\nproyectos ejecutados en la isla.<\/p>\n\n\n\n<p>&nbsp;La llegada de la comitiva municipal se suma al\ndespliegue realizado por la Unidad de Medio Ambiente durante la semana pasada,\nquienes trasladaron un cami\u00f3n para recopilar la chatarra de los vecinos de Ed\u00e9n,\ndando as\u00ed inicio a la Campa\u00f1a Chatarra 2021 en toda la comuna. <\/p>\n\n\n\n<p>La visita fue\nplanificada con meses de antelaci\u00f3n, pero producto de la situaci\u00f3n sanitaria\ncomunal no pudo efectuarse. El equipo municipal se desplegar\u00e1 durante el d\u00eda\nviernes y todo el fin de semana concretando reuniones con los vecinos y gremios\nde la apartada localidad. <\/p>\n","protected":false},"excerpt":{"rendered":"<p>Una serie de actividades realizar\u00e1 el alcalde de la comuna junto al equipo municipal en su visita a Puerto Ed\u00e9n. El arribo tiene como objetivo agilizar proyectos desarrollados por la&#8230; <a class=\"read-more\" href=\"https:\/\/www.radiopresidenteibanez.cl\/web\/alcalde-y-equipo-municipal-de-natales-visitaran-la-apartada-localidad-de-puerto-eden\/\">Leer m\u00e1s<\/a><\/p>\n","protected":false},"author":2,"featured_media":18655,"comment_status":"closed","ping_status":"closed","sticky":false,"template":"","format":"standard","meta":{"footnotes":""},"categories":[1],"tags":[],"class_list":["post-18654","post","type-post","status-publish","format-standard","has-post-thumbnail","hentry","category-cronica"],"_links":{"self":[{"href":"https:\/\/www.radiopresidenteibanez.cl\/web\/wp-json\/wp\/v2\/posts\/18654","targetHints":{"allow":["GET"]}}],"collection":[{"href":"https:\/\/www.radiopresidenteibanez.cl\/web\/wp-json\/wp\/v2\/posts"}],"about":[{"href":"https:\/\/www.radiopresidenteibanez.cl\/web\/wp-json\/wp\/v2\/types\/post"}],"author":[{"embeddable":true,"href":"https:\/\/www.radiopresidenteibanez.cl\/web\/wp-json\/wp\/v2\/users\/2"}],"replies":[{"embeddable":true,"href":"https:\/\/www.radiopresidenteibanez.cl\/web\/wp-json\/wp\/v2\/comments?post=18654"}],"version-history":[{"count":0,"href":"https:\/\/www.radiopresidenteibanez.cl\/web\/wp-json\/wp\/v2\/posts\/18654\/revisions"}],"wp:featuredmedia":[{"embeddable":true,"href":"https:\/\/www.radiopresidenteibanez.cl\/web\/wp-json\/wp\/v2\/media\/18655"}],"wp:attachment":[{"href":"https:\/\/www.radiopresidenteibanez.cl\/web\/wp-json\/wp\/v2\/media?parent=18654"}],"wp:term":[{"taxonomy":"category","embeddable":true,"href":"https:\/\/www.radiopresidenteibanez.cl\/web\/wp-json\/wp\/v2\/categories?post=18654"},{"taxonomy":"post_tag","embeddable":true,"href":"https:\/\/www.radiopresidenteibanez.cl\/web\/wp-json\/wp\/v2\/tags?post=18654"}],"curies":[{"name":"wp","href":"https:\/\/api.w.org\/{rel}","templated":true}]}}