{"id":18651,"date":"2021-02-19T02:00:00","date_gmt":"2021-02-19T02:00:00","guid":{"rendered":"https:\/\/www.radiopresidenteibanez.cl\/web\/?p=18651"},"modified":"2021-02-18T15:38:58","modified_gmt":"2021-02-18T15:38:58","slug":"dano-ocular-por-el-sol-no-olvides-cuidar-tus-ojos-de-los-rayos-uv","status":"publish","type":"post","link":"https:\/\/www.radiopresidenteibanez.cl\/web\/dano-ocular-por-el-sol-no-olvides-cuidar-tus-ojos-de-los-rayos-uv\/","title":{"rendered":"\u00bfDA\u00d1O OCULAR POR EL SOL?: NO OLVIDES CUIDAR TUS OJOS DE LOS RAYOS UV"},"content":{"rendered":"\n<p>Estamos\ncada vez m\u00e1s acostumbrados a aplicarnos bloqueador solar para proteger nuestra\npiel del sol, pero muchas veces nos olvidamos de cuidar nuestros ojos. Salir a\nla calle sin protecci\u00f3n ocular, sobre todo en verano, puede generar un gran\nda\u00f1o en nuestros ojos, por lo que es muy importante cuidarlos adecuadamente. <\/p>\n\n\n\n<p>\u201cNuestros\nojos reciben los rayos del sol constantemente, provocando un impacto lento y\nacumulativo en nuestra vista. El da\u00f1o puede generar pingu\u00e9cula y pterigi\u00f3n, que\nes una degeneraci\u00f3n de la conjuntiva en que \u00e9sta se sube arriba de la c\u00f3rnea. A\nnivel del cristalino, va formando una opacificaci\u00f3n de \u00e9ste, m\u00e1s conocida como\ncatarata, y a nivel de la retina, puede llevar a una degeneraci\u00f3n macular\nrelacionada a la edad\u201d, explic\u00f3 la oftalm\u00f3loga de Cl\u00ednica Bupa Santiago,\nPaulina Riquelme.<\/p>\n\n\n\n<p>De\nacuerdo a lo que detall\u00f3 la especialista, si nos exponemos mucho y en forma\naguda al sol, se puede da\u00f1ar la c\u00f3rnea, generando una inflamaci\u00f3n muy dolorosa\nconocida como queratitis act\u00ednica, que ocurre, por ejemplo, cuando estamos\nexpuestos al sol en la nieve sin antiparras.<\/p>\n\n\n\n<p><strong>C\u00f3mo podemos darnos cuenta<\/strong><\/p>\n\n\n\n<p>Una\nforma de saber si se ha generado da\u00f1o acumulado en nuestros ojos por el sol, es\nasistiendo a control todos los a\u00f1os con un oftalm\u00f3logo. \u201cEn el caso del da\u00f1o\nagudo por una queratitis act\u00ednica, nos damos cuenta por la visi\u00f3n borrosa, ojo\nrojo y el dolor que \u00e9sta genera\u201d, asegur\u00f3 la experta. En esos casos, se debe\nconsultar de inmediato.<\/p>\n\n\n\n<p>Por\nello, resulta fundamental cuidarnos. \u00bfC\u00f3mo hacerlo? Las formas son las mismas\npara ni\u00f1os y adultos: se debe utilizar gorro y lentes de sol con filtro UV de\n400 nm. \u201cEn ni\u00f1os peque\u00f1os de preferencia no usar lentes muy oscuros; se pueden\nusar desde que los pueda mantener puestos. Si no los tolera, puede usar un\ngorro todo el tiempo que est\u00e9 expuesto al sol. Si bien durante el verano y la\nprimavera es cuando recibimos los rayos de forma m\u00e1s directa, hay que mantener\nla protecci\u00f3n durante todo el a\u00f1o, y tambi\u00e9n durante los d\u00edas nublados, ya que\nlos rayos se reflejan en las nubes\u201d, sostuvo la especialista parte de Bupa.<\/p>\n","protected":false},"excerpt":{"rendered":"<p>Estamos cada vez m\u00e1s acostumbrados a aplicarnos bloqueador solar para proteger nuestra piel del sol, pero muchas veces nos olvidamos de cuidar nuestros ojos. Salir a la calle sin protecci\u00f3n&#8230; <a class=\"read-more\" href=\"https:\/\/www.radiopresidenteibanez.cl\/web\/dano-ocular-por-el-sol-no-olvides-cuidar-tus-ojos-de-los-rayos-uv\/\">Leer m\u00e1s<\/a><\/p>\n","protected":false},"author":2,"featured_media":18652,"comment_status":"closed","ping_status":"closed","sticky":false,"template":"","format":"standard","meta":{"footnotes":""},"categories":[1],"tags":[],"class_list":["post-18651","post","type-post","status-publish","format-standard","has-post-thumbnail","hentry","category-cronica"],"_links":{"self":[{"href":"https:\/\/www.radiopresidenteibanez.cl\/web\/wp-json\/wp\/v2\/posts\/18651","targetHints":{"allow":["GET"]}}],"collection":[{"href":"https:\/\/www.radiopresidenteibanez.cl\/web\/wp-json\/wp\/v2\/posts"}],"about":[{"href":"https:\/\/www.radiopresidenteibanez.cl\/web\/wp-json\/wp\/v2\/types\/post"}],"author":[{"embeddable":true,"href":"https:\/\/www.radiopresidenteibanez.cl\/web\/wp-json\/wp\/v2\/users\/2"}],"replies":[{"embeddable":true,"href":"https:\/\/www.radiopresidenteibanez.cl\/web\/wp-json\/wp\/v2\/comments?post=18651"}],"version-history":[{"count":0,"href":"https:\/\/www.radiopresidenteibanez.cl\/web\/wp-json\/wp\/v2\/posts\/18651\/revisions"}],"wp:featuredmedia":[{"embeddable":true,"href":"https:\/\/www.radiopresidenteibanez.cl\/web\/wp-json\/wp\/v2\/media\/18652"}],"wp:attachment":[{"href":"https:\/\/www.radiopresidenteibanez.cl\/web\/wp-json\/wp\/v2\/media?parent=18651"}],"wp:term":[{"taxonomy":"category","embeddable":true,"href":"https:\/\/www.radiopresidenteibanez.cl\/web\/wp-json\/wp\/v2\/categories?post=18651"},{"taxonomy":"post_tag","embeddable":true,"href":"https:\/\/www.radiopresidenteibanez.cl\/web\/wp-json\/wp\/v2\/tags?post=18651"}],"curies":[{"name":"wp","href":"https:\/\/api.w.org\/{rel}","templated":true}]}}