{"id":18647,"date":"2021-02-18T13:50:07","date_gmt":"2021-02-18T13:50:07","guid":{"rendered":"https:\/\/www.radiopresidenteibanez.cl\/web\/?p=18647"},"modified":"2021-02-18T13:50:14","modified_gmt":"2021-02-18T13:50:14","slug":"asimismo-por-amenazas-e-infraccion-a-las-normas-sanitarias","status":"publish","type":"post","link":"https:\/\/www.radiopresidenteibanez.cl\/web\/asimismo-por-amenazas-e-infraccion-a-las-normas-sanitarias\/","title":{"rendered":"ASIMISMO POR AMENAZAS E INFRACCI\u00d3N A LAS NORMAS SANITARIAS"},"content":{"rendered":"\n<p>En prisi\u00f3n preventiva\nqued\u00f3 hoy Francisco C\u00e1rdenas N\u00fa\u00f1ez, luego de ser\n&nbsp;formalizado por 5 delitos de robos, un delito de amenazas a funcionario de Polic\u00eda\nde Investigaciones en funciones y un delito de atentado a la salud p\u00fablica, al\nno contar con salvoconducto al ser fiscalizado en horario de toque de queda. <\/p>\n\n\n\n<p>Durante la\naudiencia la Fiscal Rina Blanco, de la Unidad de An\u00e1lisis Criminal y Focos\nInvestigativos, SACFI, le comunic\u00f3 al imputado que la Fiscal\u00eda sigue una\ninvestigaci\u00f3n en su contra por hechos perpetrados en durante el a\u00f1o pasado en el sector norte de la ciudad, espec\u00edficamente en\nla Ruta 9 Norte Kil\u00f3metro 10, en el sector de parcelas y en una Villa en\nconstrucci\u00f3n\nde Casas del Ej\u00e9rcito. &nbsp;<\/p>\n\n\n\n<p>El Tribunal de\nGarant\u00eda, otorg\u00f3 un&nbsp;\nplazo de investigaci\u00f3n de 3 meses de investigaci\u00f3n en esta causa.<\/p>\n","protected":false},"excerpt":{"rendered":"<p>En prisi\u00f3n preventiva qued\u00f3 hoy Francisco C\u00e1rdenas N\u00fa\u00f1ez, luego de ser &nbsp;formalizado por 5 delitos de robos, un delito de amenazas a funcionario de Polic\u00eda de Investigaciones en funciones y&#8230; <a class=\"read-more\" href=\"https:\/\/www.radiopresidenteibanez.cl\/web\/asimismo-por-amenazas-e-infraccion-a-las-normas-sanitarias\/\">Leer m\u00e1s<\/a><\/p>\n","protected":false},"author":2,"featured_media":18648,"comment_status":"closed","ping_status":"closed","sticky":false,"template":"","format":"standard","meta":{"footnotes":""},"categories":[1],"tags":[],"class_list":["post-18647","post","type-post","status-publish","format-standard","has-post-thumbnail","hentry","category-cronica"],"_links":{"self":[{"href":"https:\/\/www.radiopresidenteibanez.cl\/web\/wp-json\/wp\/v2\/posts\/18647","targetHints":{"allow":["GET"]}}],"collection":[{"href":"https:\/\/www.radiopresidenteibanez.cl\/web\/wp-json\/wp\/v2\/posts"}],"about":[{"href":"https:\/\/www.radiopresidenteibanez.cl\/web\/wp-json\/wp\/v2\/types\/post"}],"author":[{"embeddable":true,"href":"https:\/\/www.radiopresidenteibanez.cl\/web\/wp-json\/wp\/v2\/users\/2"}],"replies":[{"embeddable":true,"href":"https:\/\/www.radiopresidenteibanez.cl\/web\/wp-json\/wp\/v2\/comments?post=18647"}],"version-history":[{"count":0,"href":"https:\/\/www.radiopresidenteibanez.cl\/web\/wp-json\/wp\/v2\/posts\/18647\/revisions"}],"wp:featuredmedia":[{"embeddable":true,"href":"https:\/\/www.radiopresidenteibanez.cl\/web\/wp-json\/wp\/v2\/media\/18648"}],"wp:attachment":[{"href":"https:\/\/www.radiopresidenteibanez.cl\/web\/wp-json\/wp\/v2\/media?parent=18647"}],"wp:term":[{"taxonomy":"category","embeddable":true,"href":"https:\/\/www.radiopresidenteibanez.cl\/web\/wp-json\/wp\/v2\/categories?post=18647"},{"taxonomy":"post_tag","embeddable":true,"href":"https:\/\/www.radiopresidenteibanez.cl\/web\/wp-json\/wp\/v2\/tags?post=18647"}],"curies":[{"name":"wp","href":"https:\/\/api.w.org\/{rel}","templated":true}]}}