{"id":18644,"date":"2021-02-18T13:48:12","date_gmt":"2021-02-18T13:48:12","guid":{"rendered":"https:\/\/www.radiopresidenteibanez.cl\/web\/?p=18644"},"modified":"2021-02-18T13:48:18","modified_gmt":"2021-02-18T13:48:18","slug":"conaf-inicio-proceso-de-recoleccion-de-semillas-para-disenar-su-programa-de-produccion-de-arboles-2021","status":"publish","type":"post","link":"https:\/\/www.radiopresidenteibanez.cl\/web\/conaf-inicio-proceso-de-recoleccion-de-semillas-para-disenar-su-programa-de-produccion-de-arboles-2021\/","title":{"rendered":"CONAF INICI\u00d3 PROCESO DE RECOLECCI\u00d3N DE SEMILLAS PARA DISE\u00d1AR SU PROGRAMA DE PRODUCCI\u00d3N DE \u00c1RBOLES 2021"},"content":{"rendered":"\n<p>La Corporaci\u00f3n Nacional Forestal (CONAF) en Magallanes inici\u00f3 el proceso de recolecci\u00f3n de las primeras semillas para el dise\u00f1o de lo que ser\u00e1 su programa de producci\u00f3n de \u00e1rboles y arbustos en el a\u00f1o 2021.<\/p>\n\n\n\n<p>Las labores son realizadas por personal a cargo del Vivero de CONAF en R\u00edo de los Ciervos, al sur de Punta Arenas, y se inici\u00f3 en el casco urbano de la ciudad con la recolecci\u00f3n de semillas de Serbal y Abedul, para continuar estas pr\u00f3ximas semanas con la recolecci\u00f3n de semillas de especies nativas como Lenga, Coig\u00fce de magallanes, Le\u00f1adura, \u00d1irre, Canelo y Calafate, entre otras.<\/p>\n\n\n\n<p>Se trata de un proceso que se lleva a cabo de manera anual y que parte en enero cuando el programa de Arborizaci\u00f3n que maneja CONAF a trav\u00e9s de su secci\u00f3n de \u201cEcosistema y Sociedad\u201d eval\u00faa las condiciones de las semillas que ser\u00e1n recolectadas, considerando que alcanzan su mejor nivel de madurez en febrero debido a las altas temperaturas, la cual disminuye en el mes de marzo por la llegada de las bajas temperaturas.<\/p>\n\n\n\n<p>&nbsp;Y en base a estas evaluaciones es cuando se programan las salidas de los trabajadores y trabajadoras del Vivero de CONAF para la recolecci\u00f3n, proceso que incluso se extiende a personal de la instituci\u00f3n perteneciente a otros departamentos. Posteriormente, se realiza el trabajo de limpieza de las semillas, almacenamiento y tratamientos pregerminativos, para, de esta forma, y ya durante la primavera iniciar el proceso de siembra desde los diversos invernaderos que componen el Vivero de CONAF.<\/p>\n","protected":false},"excerpt":{"rendered":"<p>La Corporaci\u00f3n Nacional Forestal (CONAF) en Magallanes inici\u00f3 el proceso de recolecci\u00f3n de las primeras semillas para el dise\u00f1o de lo que ser\u00e1 su programa de producci\u00f3n de \u00e1rboles y&#8230; <a class=\"read-more\" href=\"https:\/\/www.radiopresidenteibanez.cl\/web\/conaf-inicio-proceso-de-recoleccion-de-semillas-para-disenar-su-programa-de-produccion-de-arboles-2021\/\">Leer m\u00e1s<\/a><\/p>\n","protected":false},"author":2,"featured_media":18645,"comment_status":"closed","ping_status":"closed","sticky":false,"template":"","format":"standard","meta":{"footnotes":""},"categories":[1],"tags":[],"class_list":["post-18644","post","type-post","status-publish","format-standard","has-post-thumbnail","hentry","category-cronica"],"_links":{"self":[{"href":"https:\/\/www.radiopresidenteibanez.cl\/web\/wp-json\/wp\/v2\/posts\/18644","targetHints":{"allow":["GET"]}}],"collection":[{"href":"https:\/\/www.radiopresidenteibanez.cl\/web\/wp-json\/wp\/v2\/posts"}],"about":[{"href":"https:\/\/www.radiopresidenteibanez.cl\/web\/wp-json\/wp\/v2\/types\/post"}],"author":[{"embeddable":true,"href":"https:\/\/www.radiopresidenteibanez.cl\/web\/wp-json\/wp\/v2\/users\/2"}],"replies":[{"embeddable":true,"href":"https:\/\/www.radiopresidenteibanez.cl\/web\/wp-json\/wp\/v2\/comments?post=18644"}],"version-history":[{"count":0,"href":"https:\/\/www.radiopresidenteibanez.cl\/web\/wp-json\/wp\/v2\/posts\/18644\/revisions"}],"wp:featuredmedia":[{"embeddable":true,"href":"https:\/\/www.radiopresidenteibanez.cl\/web\/wp-json\/wp\/v2\/media\/18645"}],"wp:attachment":[{"href":"https:\/\/www.radiopresidenteibanez.cl\/web\/wp-json\/wp\/v2\/media?parent=18644"}],"wp:term":[{"taxonomy":"category","embeddable":true,"href":"https:\/\/www.radiopresidenteibanez.cl\/web\/wp-json\/wp\/v2\/categories?post=18644"},{"taxonomy":"post_tag","embeddable":true,"href":"https:\/\/www.radiopresidenteibanez.cl\/web\/wp-json\/wp\/v2\/tags?post=18644"}],"curies":[{"name":"wp","href":"https:\/\/api.w.org\/{rel}","templated":true}]}}