{"id":18641,"date":"2021-02-18T13:45:35","date_gmt":"2021-02-18T13:45:35","guid":{"rendered":"https:\/\/www.radiopresidenteibanez.cl\/web\/?p=18641"},"modified":"2021-02-18T13:45:40","modified_gmt":"2021-02-18T13:45:40","slug":"gobernadora-ericka-farias-refuerza-el-llamado-a-la-comunidad-para-postular-al-segundo-pago-del-ife-covid","status":"publish","type":"post","link":"https:\/\/www.radiopresidenteibanez.cl\/web\/gobernadora-ericka-farias-refuerza-el-llamado-a-la-comunidad-para-postular-al-segundo-pago-del-ife-covid\/","title":{"rendered":"GOBERNADORA ERICKA FAR\u00cdAS REFUERZA EL LLAMADO A LA COMUNIDAD PARA POSTULAR AL SEGUNDO PAGO DEL IFE COVID"},"content":{"rendered":"\n<p>Con diferentes\nactividades en medios de comunicaci\u00f3n, despliegues en terreno y capacitaciones\nonline, la gobernadora Ericka Far\u00edas, ha hecho \u00e9nfasis en que la comunidad de\nla provincia de \u00daltima Esperanza se haga parte del proceso de postulaci\u00f3n del\nIFE Covid y Bono Covid, beneficios del Estado que est\u00e1n orientados a ser un\napoyo para sobrellevar los tiempos de pandemia que el pa\u00eds ha vivido. <\/p>\n\n\n\n<p>Sobre el\nproceso de postulaci\u00f3n, la gobernadora Ericka Far\u00edas se\u00f1al\u00f3 que \u201ces muy\nimportante que las personas puedan acceder a este beneficio, para el Gobierno\nes una prioridad poder acompa\u00f1ar a las personas en tiempos dif\u00edciles, y sabemos\nque este aporte ser\u00e1 una ayuda importante para las familias de Chile\u201d.<\/p>\n\n\n\n<p>En esta\noportunidad, a Natales le corresponde el IFE Covid Transici\u00f3n por haberse\nencontrado en Fase 2 del plan Paso a Paso (al menos 14 d\u00edas) entre el 28 de\ndiciembre de 2020 y el 31 de enero de 2021. De este modo, el monto ser\u00e1 de 40\nmil pesos por integrante del grupo familiar, suma que disminuye a partir del\nquinto integrante. En cuanto al modo de postulaci\u00f3n, se debe realizar de manera\nonline al igual que la vez anterior.<\/p>\n\n\n\n<p>Con la\nfinalidad de que esta informaci\u00f3n pueda llegar a la mayor cantidad de personas\nposible, es que a lo largo de todos estos d\u00edas, personal de la Gobernaci\u00f3n\nProvincial se ha desplegado por diferentes lugares de la comuna de Natales,\nprocurando abarcar distintos sectores, de manera tal de llegar de mejor manera\na la comunidad.<\/p>\n\n\n\n<p>Asimismo,\npara aquellas personas que se les dificulta el proceso de postulaci\u00f3n o que no\ntienen acceso a internet, al igual que con el primer pago de este beneficio, se\nha habilitado una oficina de la Gobernaci\u00f3n donde funcionarios est\u00e1n ayudando y\norientando a las personas respecto a las postulaciones.<\/p>\n\n\n\n<p>El primer pago\ndel IFE y Bono Covid, benefici\u00f3 a 20.641 hogares de la regi\u00f3n de Magallanes,\npor lo anterior, quienes deseen postular a este beneficio del Estado, deber\u00e1n hacerlo en el sitio web www.ingresodeemergencia.cl teniendo como plazo final\nel jueves 18 de febrero.<\/p>\n\n\n\n<p>Finalmente,\nla autoridad provincial hizo hincapi\u00e9 en no esperar para postular, \u201ces muy\nimportante que las personas ingresen lo antes posible al sitio web www.ingresodeemergencia.cl, ya que no queremos que a\n\u00faltimo momento, la p\u00e1gina de postulaci\u00f3n pueda tener problemas debido a la gran\ncantidad de gente que intenta ingresar al sitio. Los invito a todos a postular,\nes un procedimiento sencillo y r\u00e1pido que puede ayudar mucho a quienes sean\nbeneficiarios\u201d, se\u00f1al\u00f3.&nbsp;&nbsp;&nbsp; <\/p>\n","protected":false},"excerpt":{"rendered":"<p>Con diferentes actividades en medios de comunicaci\u00f3n, despliegues en terreno y capacitaciones online, la gobernadora Ericka Far\u00edas, ha hecho \u00e9nfasis en que la comunidad de la provincia de \u00daltima Esperanza&#8230; <a class=\"read-more\" href=\"https:\/\/www.radiopresidenteibanez.cl\/web\/gobernadora-ericka-farias-refuerza-el-llamado-a-la-comunidad-para-postular-al-segundo-pago-del-ife-covid\/\">Leer m\u00e1s<\/a><\/p>\n","protected":false},"author":2,"featured_media":18642,"comment_status":"closed","ping_status":"closed","sticky":false,"template":"","format":"standard","meta":{"footnotes":""},"categories":[1],"tags":[],"class_list":["post-18641","post","type-post","status-publish","format-standard","has-post-thumbnail","hentry","category-cronica"],"_links":{"self":[{"href":"https:\/\/www.radiopresidenteibanez.cl\/web\/wp-json\/wp\/v2\/posts\/18641","targetHints":{"allow":["GET"]}}],"collection":[{"href":"https:\/\/www.radiopresidenteibanez.cl\/web\/wp-json\/wp\/v2\/posts"}],"about":[{"href":"https:\/\/www.radiopresidenteibanez.cl\/web\/wp-json\/wp\/v2\/types\/post"}],"author":[{"embeddable":true,"href":"https:\/\/www.radiopresidenteibanez.cl\/web\/wp-json\/wp\/v2\/users\/2"}],"replies":[{"embeddable":true,"href":"https:\/\/www.radiopresidenteibanez.cl\/web\/wp-json\/wp\/v2\/comments?post=18641"}],"version-history":[{"count":0,"href":"https:\/\/www.radiopresidenteibanez.cl\/web\/wp-json\/wp\/v2\/posts\/18641\/revisions"}],"wp:featuredmedia":[{"embeddable":true,"href":"https:\/\/www.radiopresidenteibanez.cl\/web\/wp-json\/wp\/v2\/media\/18642"}],"wp:attachment":[{"href":"https:\/\/www.radiopresidenteibanez.cl\/web\/wp-json\/wp\/v2\/media?parent=18641"}],"wp:term":[{"taxonomy":"category","embeddable":true,"href":"https:\/\/www.radiopresidenteibanez.cl\/web\/wp-json\/wp\/v2\/categories?post=18641"},{"taxonomy":"post_tag","embeddable":true,"href":"https:\/\/www.radiopresidenteibanez.cl\/web\/wp-json\/wp\/v2\/tags?post=18641"}],"curies":[{"name":"wp","href":"https:\/\/api.w.org\/{rel}","templated":true}]}}