{"id":18639,"date":"2021-02-18T13:40:57","date_gmt":"2021-02-18T13:40:57","guid":{"rendered":"https:\/\/www.radiopresidenteibanez.cl\/web\/?p=18639"},"modified":"2021-02-18T13:41:03","modified_gmt":"2021-02-18T13:41:03","slug":"asociacion-de-funcionarios-afas-magallanes-rechaza-agresion-recibida-a-funcionario-de-cuadrillas-sanitarias-en-puerto-natales","status":"publish","type":"post","link":"https:\/\/www.radiopresidenteibanez.cl\/web\/asociacion-de-funcionarios-afas-magallanes-rechaza-agresion-recibida-a-funcionario-de-cuadrillas-sanitarias-en-puerto-natales\/","title":{"rendered":"ASOCIACI\u00d3N DE FUNCIONARIOS AFAS MAGALLANES RECHAZA AGRESI\u00d3N RECIBIDA A FUNCIONARIO DE CUADRILLAS SANITARIAS EN PUERTO NATALES"},"content":{"rendered":"\n<p>Como <strong>Asociaci\u00f3n de funcionarios de la Autoridad Sanitaria <\/strong>rechazamos\ncateg\u00f3ricamente la agresi\u00f3n recibida por un funcionario de cuadrillas\nsanitarias en la comuna de Puerto Natales el pasado lunes 15 de febrero. <\/p>\n\n\n\n<p>Este denostable hecho sucedi\u00f3 cuando el profesional de\ncuadrilla sanitaria le indic\u00f3 al acompa\u00f1ante de un usuario que concurri\u00f3 a\nvacunarse, le fue negada la vacunaci\u00f3n por no corresponderle la vacuna seg\u00fan el\ncalendario; y ante esta respuesta el usuario&nbsp;\ngolpea al profesional en la zona abdominal y se retira del recinto.<\/p>\n\n\n\n<p>Entendemos que la comunidad est\u00e9 ansiosa por poder acceder a\nla vacuna, pero <strong>hacemos un llamado a la calma<\/strong> y a entender que el\nprograma de vacunaci\u00f3n obedece a un proceso ordenado, en donde existen entregas\nde vacunas por lotes y es muy importante que la poblaci\u00f3n respete los tiempos y\ncalendarios entregados; ya que hay vacunas para todos los grupos de riesgo\ndefinidos.<\/p>\n\n\n\n<p>Por otro lado, las cuadrillas sanitarias tienen la finalidad\nde educar a&nbsp; la comunidad frente al\nCovid-19 y entregar las orientaciones necesarias para prevenirlo, por lo que\nresulta inexplicable la actitud tomada por el usuario. <\/p>\n\n\n\n<p><strong>AFAS MAGALLANES, POR LA DEFENSA DE LOS TRABAJADORES DE LA AUTORIDAD\nSANITARIA<\/strong><\/p>\n","protected":false},"excerpt":{"rendered":"<p>Como Asociaci\u00f3n de funcionarios de la Autoridad Sanitaria rechazamos categ\u00f3ricamente la agresi\u00f3n recibida por un funcionario de cuadrillas sanitarias en la comuna de Puerto Natales el pasado lunes 15 de&#8230; <a class=\"read-more\" href=\"https:\/\/www.radiopresidenteibanez.cl\/web\/asociacion-de-funcionarios-afas-magallanes-rechaza-agresion-recibida-a-funcionario-de-cuadrillas-sanitarias-en-puerto-natales\/\">Leer m\u00e1s<\/a><\/p>\n","protected":false},"author":2,"featured_media":7254,"comment_status":"closed","ping_status":"closed","sticky":false,"template":"","format":"standard","meta":{"footnotes":""},"categories":[1],"tags":[],"class_list":["post-18639","post","type-post","status-publish","format-standard","has-post-thumbnail","hentry","category-cronica"],"_links":{"self":[{"href":"https:\/\/www.radiopresidenteibanez.cl\/web\/wp-json\/wp\/v2\/posts\/18639","targetHints":{"allow":["GET"]}}],"collection":[{"href":"https:\/\/www.radiopresidenteibanez.cl\/web\/wp-json\/wp\/v2\/posts"}],"about":[{"href":"https:\/\/www.radiopresidenteibanez.cl\/web\/wp-json\/wp\/v2\/types\/post"}],"author":[{"embeddable":true,"href":"https:\/\/www.radiopresidenteibanez.cl\/web\/wp-json\/wp\/v2\/users\/2"}],"replies":[{"embeddable":true,"href":"https:\/\/www.radiopresidenteibanez.cl\/web\/wp-json\/wp\/v2\/comments?post=18639"}],"version-history":[{"count":0,"href":"https:\/\/www.radiopresidenteibanez.cl\/web\/wp-json\/wp\/v2\/posts\/18639\/revisions"}],"wp:featuredmedia":[{"embeddable":true,"href":"https:\/\/www.radiopresidenteibanez.cl\/web\/wp-json\/wp\/v2\/media\/7254"}],"wp:attachment":[{"href":"https:\/\/www.radiopresidenteibanez.cl\/web\/wp-json\/wp\/v2\/media?parent=18639"}],"wp:term":[{"taxonomy":"category","embeddable":true,"href":"https:\/\/www.radiopresidenteibanez.cl\/web\/wp-json\/wp\/v2\/categories?post=18639"},{"taxonomy":"post_tag","embeddable":true,"href":"https:\/\/www.radiopresidenteibanez.cl\/web\/wp-json\/wp\/v2\/tags?post=18639"}],"curies":[{"name":"wp","href":"https:\/\/api.w.org\/{rel}","templated":true}]}}