{"id":18622,"date":"2021-02-17T13:44:29","date_gmt":"2021-02-17T13:44:29","guid":{"rendered":"https:\/\/www.radiopresidenteibanez.cl\/web\/?p=18622"},"modified":"2021-02-17T13:44:34","modified_gmt":"2021-02-17T13:44:34","slug":"esta-misma-indolencia-del-gobierno-fue-la-que-incito-la-revuelta-popular-de-octubre","status":"publish","type":"post","link":"https:\/\/www.radiopresidenteibanez.cl\/web\/esta-misma-indolencia-del-gobierno-fue-la-que-incito-la-revuelta-popular-de-octubre\/","title":{"rendered":"ESTA MISMA INDOLENCIA DEL GOBIERNO FUE LA QUE INCIT\u00d3 LA REVUELTA POPULAR DE OCTUBRE"},"content":{"rendered":"\n<p>En\neste pa\u00eds a las y los profesores los han acusado de revolucionarios,\ncomunistas; los han responsabilizado de la mala educaci\u00f3n del estudiantado\n(nunca de la buena educaci\u00f3n); incluso han sostenido que son los causantes\nindirectos de la mala administraci\u00f3n de corporaciones municipales; pero NUNCA\nlos hab\u00edan tildado de flojos, hasta hoy.<\/p>\n\n\n\n<p>Ante\nlas declaraciones del Ministro de Econom\u00eda, Lucas Palacios, queremos expresar\nnuestra profunda molestia, repudio y total desacuerdo, pues conocemos de cerca\nel esforzado trabajo y dedicaci\u00f3n que desempe\u00f1an las y los educadores de\nnuestro pa\u00eds y muy especialmente los de nuestra regi\u00f3n. En nuestra lista\nindependiente, la Coordinadora Social de Magallanes, tres de los cinco\ncandidatos\/as a constituyentes son profesores, y las expresiones vertidas por\nuna autoridad nacional, no hacen m\u00e1s que demostrar -otra vez- la profunda\ndesconexi\u00f3n de la clase pol\u00edtica y especialmente de este Gobierno, con la\nrealidad que convivimos a diario nosotras y nosotros, el 90% de quienes\nhabitamos este territorio.<\/p>\n\n\n\n<p>Sobre\nesta situaci\u00f3n, el candidato a constituyente de Punta Arenas y profesor de\nLenguaje y Comunicaci\u00f3n y Magister en Educaci\u00f3n, Pablo Cifuentes se\u00f1al\u00f3: \u201cSon\ngrav\u00edsimas las declaraciones de los ministros Figueroa y Palacios, pues aparte\nde ser una tremenda irresponsabilidad y falta de respeto hacia la labor\ndocente, demuestran su total desconocimiento de la realidad educativa del pa\u00eds\nen los \u00faltimos doce meses. Me gustar\u00eda recordar que si la educaci\u00f3n en Chile se\nsostuvo durante el a\u00f1o pasado fue gracias al esfuerzo de las y los docentes,\ncuando las autoridades competentes no estuvieron a la altura\u201d.<\/p>\n\n\n\n<p>Opini\u00f3n\ncompartida por el candidato a constituyente de Puerto Natales y profesor de\nEducaci\u00f3n General B\u00e1sica, Patricio Fuentes: \u201clas declaraciones del ministro que\nponen en duda el trabajo realizado durante meses, desde los inicios de las\nmedidas de distanciamiento, es no conocer la realidad educacional o simplemente\natacar las organizaciones sociales de trabajadores y trabajadoras, que finalmente\nhan sido quienes hemos sostenido con nuestro trabajo y ahorros la emergencia\nsanitaria y social. El ministro nos ofende y nos da\u00f1a en nuestra moral, pone en\nduda nuestras convicciones y nos violenta en las grandes desigualdades a las\nque nos tuvimos que enfrentar. Esperar\u00eda que \u2018esta vez\u2019, el ministro de\nEducaci\u00f3n Ra\u00fal Figueroa est\u00e9 a la altura e interpele a su par, poniendo en\nclaro su insolencia\u201d.<\/p>\n\n\n\n<p>Desde\nPorvenir en tanto, el candidato a constituyente y profesor de Historia,\nGeograf\u00eda y Educaci\u00f3n C\u00edvica,&nbsp; Omar\nAguilar Vera, indic\u00f3: \u201cLas profesoras y profesores fuimos entes activos y\nestuvimos en primera l\u00ednea para colaborar a nuestros estudiantes y sus\nfamilias, preocup\u00e1ndonos de atender las necesidades educativas,\nsocioemocionales e incluso las atenciones econ\u00f3micas que muchas veces no\nhubiesen llegado oportunamente a los hogares, sin la vocaci\u00f3n que las y los\ndocentes demuestran, arriesgando y sacrificando su propia integridad y\nseguridad familiar por la de ni\u00f1os, ni\u00f1as y adolescentes\u201d, recalc\u00f3.<\/p>\n\n\n\n<p>En\neste contexto de pandemia, la educaci\u00f3n chilena ha sido una de las \u00e1reas m\u00e1s\ngolpeadas, pero nunca abandonada por las comunidades educativas que la\nintegran, que agrupa tanto a profesionales docentes como a otros profesionales\ny t\u00e9cnicos de la educaci\u00f3n, a quienes el \u201cMinistro\u201d ofende en la moral y\nesp\u00edritu. \u201cNo es casualidad que por m\u00e1s de 30 a\u00f1os la clase pol\u00edtica de\nizquierda y derecha no haya efectuado un avance sustancial en la mejora de las\ncondiciones de quienes trabajan en educaci\u00f3n y su respectiva incidencia en la\ncalidad de ense\u00f1anza, y es que no les conviene fomentar una ciudadan\u00eda educada\ny con pensamiento cr\u00edtico\u201d, declararon desde la Coordinadora Social.<\/p>\n\n\n\n<p>Finalmente,\nla lista de candidatos\/as independientes a constituyentes&nbsp; reiter\u00f3 su compromiso&nbsp; de defender en la Nueva Constituci\u00f3n una\neducaci\u00f3n entendida como un derecho social fundamental garantizado, de car\u00e1cter\np\u00fablico, laico, no sexista y gratuito; y un deber del Estado: \u201cuna escuela\ndeliberativa y democr\u00e1tica, donde se construya ciudadan\u00eda y especialmente donde\nla \u00e9lite se ilustre de la realidad del pueblo chileno\u201d.<\/p>\n\n\n\n<p><strong>Coordinadora Social de Magallanes<\/strong><\/p>\n\n\n\n<p>Facebook:<a href=\"https:\/\/www.facebook.com\/coordinadorasocialmagallanes\/\"> <\/a><a href=\"https:\/\/www.facebook.com\/coordinadorasocialmagallanes\/\">https:\/\/www.facebook.com\/coordinadorasocialmagallanes\/<\/a><\/p>\n\n\n\n<p>Web:<a href=\"https:\/\/www.coordinadorasocialmagallanes.cl\/\"> <\/a><a href=\"https:\/\/www.coordinadorasocialmagallanes.cl\/\">https:\/\/www.coordinadorasocialmagallanes.cl\/<\/a><\/p>\n","protected":false},"excerpt":{"rendered":"<p>En este pa\u00eds a las y los profesores los han acusado de revolucionarios, comunistas; los han responsabilizado de la mala educaci\u00f3n del estudiantado (nunca de la buena educaci\u00f3n); incluso han&#8230; <a class=\"read-more\" href=\"https:\/\/www.radiopresidenteibanez.cl\/web\/esta-misma-indolencia-del-gobierno-fue-la-que-incito-la-revuelta-popular-de-octubre\/\">Leer m\u00e1s<\/a><\/p>\n","protected":false},"author":2,"featured_media":18623,"comment_status":"closed","ping_status":"closed","sticky":false,"template":"","format":"standard","meta":{"footnotes":""},"categories":[1],"tags":[],"class_list":["post-18622","post","type-post","status-publish","format-standard","has-post-thumbnail","hentry","category-cronica"],"_links":{"self":[{"href":"https:\/\/www.radiopresidenteibanez.cl\/web\/wp-json\/wp\/v2\/posts\/18622","targetHints":{"allow":["GET"]}}],"collection":[{"href":"https:\/\/www.radiopresidenteibanez.cl\/web\/wp-json\/wp\/v2\/posts"}],"about":[{"href":"https:\/\/www.radiopresidenteibanez.cl\/web\/wp-json\/wp\/v2\/types\/post"}],"author":[{"embeddable":true,"href":"https:\/\/www.radiopresidenteibanez.cl\/web\/wp-json\/wp\/v2\/users\/2"}],"replies":[{"embeddable":true,"href":"https:\/\/www.radiopresidenteibanez.cl\/web\/wp-json\/wp\/v2\/comments?post=18622"}],"version-history":[{"count":0,"href":"https:\/\/www.radiopresidenteibanez.cl\/web\/wp-json\/wp\/v2\/posts\/18622\/revisions"}],"wp:featuredmedia":[{"embeddable":true,"href":"https:\/\/www.radiopresidenteibanez.cl\/web\/wp-json\/wp\/v2\/media\/18623"}],"wp:attachment":[{"href":"https:\/\/www.radiopresidenteibanez.cl\/web\/wp-json\/wp\/v2\/media?parent=18622"}],"wp:term":[{"taxonomy":"category","embeddable":true,"href":"https:\/\/www.radiopresidenteibanez.cl\/web\/wp-json\/wp\/v2\/categories?post=18622"},{"taxonomy":"post_tag","embeddable":true,"href":"https:\/\/www.radiopresidenteibanez.cl\/web\/wp-json\/wp\/v2\/tags?post=18622"}],"curies":[{"name":"wp","href":"https:\/\/api.w.org\/{rel}","templated":true}]}}