{"id":18620,"date":"2021-02-17T13:42:56","date_gmt":"2021-02-17T13:42:56","guid":{"rendered":"https:\/\/www.radiopresidenteibanez.cl\/web\/?p=18620"},"modified":"2021-02-17T13:43:01","modified_gmt":"2021-02-17T13:43:01","slug":"seremi-de-salud-condena-agresion-recibida-a-funcionario-de-cuadrillas-sanitarias-en-puerto-natales","status":"publish","type":"post","link":"https:\/\/www.radiopresidenteibanez.cl\/web\/seremi-de-salud-condena-agresion-recibida-a-funcionario-de-cuadrillas-sanitarias-en-puerto-natales\/","title":{"rendered":"SEREMI DE SALUD CONDENA AGRESI\u00d3N RECIBIDA A FUNCIONARIO DE CUADRILLAS SANITARIAS EN PUERTO NATALES"},"content":{"rendered":"\n<p>Su\nm\u00e1ximo rechazo expres\u00f3 el SEREMI de Salud (S), Eduardo&nbsp; Castillo, a la\nagresi\u00f3n recibida este lunes 15 de enero por un funcionario de las cuadrillas\nsanitarias de la ciudad de Puerto Natales.<\/p>\n\n\n\n<p>El\nhecho ocurri\u00f3 mientras se desarrollaba el proceso de vacunaci\u00f3n en esa\nlocalidad y se origin\u00f3 cuando este profesional se\u00f1al\u00f3 a un usuario que solo \u00e9l\npodr\u00eda vacunarse de acuerdo al calendario del Ministerio de Salud y no a su\nacompa\u00f1ante por no corresponderle a\u00fan el proceso de vacunaci\u00f3n. En una actitud\ninexplicable, el usuario se molest\u00f3 ante esta respuesta y procedi\u00f3 a golpear al\nprofesional en la zona abdominal para posteriormente abandonar el local.<\/p>\n\n\n\n<p>El\nfuncionario junto a la encargada de la oficina provincial de la SEREMI de\nSalud, Paulina Barrientos, procedieron a constatar lesiones y a realizar la\ndenuncia respectiva ante Carabineros.&nbsp; <\/p>\n\n\n\n<p>El\nSEREMI manifest\u00f3 todo su apoyo al funcionario de cuadrillas y a todos los\ntrabajadores de la SEREMI y del sector en su labor y compromiso diario por el\nresguardo de la salud p\u00fablica y el bienestar com\u00fan.<\/p>\n\n\n\n<p>\u201cLas\ncuadrillas sanitarias nacen en esta pandemia como una instancia de orientaci\u00f3n\ny educaci\u00f3n a la comunidad frente al Covid-19, son nuestro nexo directo con la\npoblaci\u00f3n y su finalidad es acercar la salud a la comunidad y por lo mismo,\nmerecen nuestro respeto y reconocimiento\u201d.<\/p>\n\n\n\n<p>Agreg\u00f3,\nque esta SEREMI apoya al funcionario agredido y se har\u00e1 parte de las acciones\nlegales seg\u00fan corresponda.<\/p>\n","protected":false},"excerpt":{"rendered":"<p>Su m\u00e1ximo rechazo expres\u00f3 el SEREMI de Salud (S), Eduardo&nbsp; Castillo, a la agresi\u00f3n recibida este lunes 15 de enero por un funcionario de las cuadrillas sanitarias de la ciudad&#8230; <a class=\"read-more\" href=\"https:\/\/www.radiopresidenteibanez.cl\/web\/seremi-de-salud-condena-agresion-recibida-a-funcionario-de-cuadrillas-sanitarias-en-puerto-natales\/\">Leer m\u00e1s<\/a><\/p>\n","protected":false},"author":2,"featured_media":7254,"comment_status":"closed","ping_status":"closed","sticky":false,"template":"","format":"standard","meta":{"footnotes":""},"categories":[1],"tags":[],"class_list":["post-18620","post","type-post","status-publish","format-standard","has-post-thumbnail","hentry","category-cronica"],"_links":{"self":[{"href":"https:\/\/www.radiopresidenteibanez.cl\/web\/wp-json\/wp\/v2\/posts\/18620","targetHints":{"allow":["GET"]}}],"collection":[{"href":"https:\/\/www.radiopresidenteibanez.cl\/web\/wp-json\/wp\/v2\/posts"}],"about":[{"href":"https:\/\/www.radiopresidenteibanez.cl\/web\/wp-json\/wp\/v2\/types\/post"}],"author":[{"embeddable":true,"href":"https:\/\/www.radiopresidenteibanez.cl\/web\/wp-json\/wp\/v2\/users\/2"}],"replies":[{"embeddable":true,"href":"https:\/\/www.radiopresidenteibanez.cl\/web\/wp-json\/wp\/v2\/comments?post=18620"}],"version-history":[{"count":0,"href":"https:\/\/www.radiopresidenteibanez.cl\/web\/wp-json\/wp\/v2\/posts\/18620\/revisions"}],"wp:featuredmedia":[{"embeddable":true,"href":"https:\/\/www.radiopresidenteibanez.cl\/web\/wp-json\/wp\/v2\/media\/7254"}],"wp:attachment":[{"href":"https:\/\/www.radiopresidenteibanez.cl\/web\/wp-json\/wp\/v2\/media?parent=18620"}],"wp:term":[{"taxonomy":"category","embeddable":true,"href":"https:\/\/www.radiopresidenteibanez.cl\/web\/wp-json\/wp\/v2\/categories?post=18620"},{"taxonomy":"post_tag","embeddable":true,"href":"https:\/\/www.radiopresidenteibanez.cl\/web\/wp-json\/wp\/v2\/tags?post=18620"}],"curies":[{"name":"wp","href":"https:\/\/api.w.org\/{rel}","templated":true}]}}