{"id":18617,"date":"2021-02-17T13:39:33","date_gmt":"2021-02-17T13:39:33","guid":{"rendered":"https:\/\/www.radiopresidenteibanez.cl\/web\/?p=18617"},"modified":"2021-02-17T13:39:38","modified_gmt":"2021-02-17T13:39:38","slug":"pesar-por-el-fallecimiento-de-juan-carlos-martinic-reconocido-hombre-de-las-comunicaciones-magallanicas","status":"publish","type":"post","link":"https:\/\/www.radiopresidenteibanez.cl\/web\/pesar-por-el-fallecimiento-de-juan-carlos-martinic-reconocido-hombre-de-las-comunicaciones-magallanicas\/","title":{"rendered":"PESAR POR EL FALLECIMIENTO DE JUAN CARLOS MARTINIC RECONOCIDO HOMBRE DE LAS COMUNICACIONES MAGALL\u00c1NICAS"},"content":{"rendered":"\n<p>El pasado lunes 15 de febrero, cerca de las 22:00 horas\nfalleci\u00f3 uno de los destacados hombres de las comunicaciones magall\u00e1nicas\nafectado de un c\u00e1ncer Juan Carlos Martinic Bahamondes, quien fuera destacado\ncomo uno de los grandes locutores de la zona, creando en la d\u00e9cada de los 80\u2019\nradio Constelaci\u00f3n que lleg\u00f3 a innovar en el dial de Magallanes cuando las\nradios exitosas en el segmento juvenil de aquel entonces se situaban en\nSantiago: CONCIERTO, CAROLINA, entre otras.&nbsp;&nbsp;\nAparece CONSTELACI\u00d3N FM en Punta Arenas e inmediatamente destaca por el\nestilo, por la m\u00fasica, pero principalmente por \u00abla voz\u00bb de Juan\nMartinic.&nbsp; <\/p>\n\n\n\n<p>JUAN MARTINIC BAHAM\u00d3NDES fue un \u00abHombre de Radio\u00bb\nadelantado a su \u00e9poca. Hablaba del avance tecnol\u00f3gico que tendr\u00eda la RADIO en\nun futuro cercano, donde los radios controladores pasar\u00edan a ser pr\u00e1cticamente\nreemplazados por un computador programado. Esto lo dec\u00eda en tiempos que el\ncomputador ni siquiera aparec\u00eda en una radio. De su historia puedo indicar que\ncon 15 a\u00f1os comenz\u00f3 a trabajar como Radiocontrolador en Radio La Voz del Sur.\nLuego alguien descubrir\u00eda sus dotes naturales como \u00ablocutor\u00bb y de\nall\u00ed no se detendr\u00eda. Luego se volver\u00eda en un importante empresario radial.\nAmaba la m\u00fasica porque tambi\u00e9n fue m\u00fasico, fue miembro de \u00abLos Shark\u00bb\ndel cual fue bajista. Suena ir\u00f3nico decir que \u00abbajista\u00bb del grupo\ncuando su estatura f\u00edsica era cercana a 1.90 mts.<\/p>\n\n\n\n<p>Todo el equipo de Radio Presidente Ib\u00e1\u00f1ez, encabezado por\nsus directores, Francisco P\u00e9rez San Juan y Susana Ram\u00edrez env\u00edan un afectuoso\nsaludo y abrazo a su familia y amigos en estos dif\u00edciles momentos.<\/p>\n","protected":false},"excerpt":{"rendered":"<p>El pasado lunes 15 de febrero, cerca de las 22:00 horas falleci\u00f3 uno de los destacados hombres de las comunicaciones magall\u00e1nicas afectado de un c\u00e1ncer Juan Carlos Martinic Bahamondes, quien&#8230; <a class=\"read-more\" href=\"https:\/\/www.radiopresidenteibanez.cl\/web\/pesar-por-el-fallecimiento-de-juan-carlos-martinic-reconocido-hombre-de-las-comunicaciones-magallanicas\/\">Leer m\u00e1s<\/a><\/p>\n","protected":false},"author":2,"featured_media":18618,"comment_status":"closed","ping_status":"closed","sticky":false,"template":"","format":"standard","meta":{"footnotes":""},"categories":[1],"tags":[],"class_list":["post-18617","post","type-post","status-publish","format-standard","has-post-thumbnail","hentry","category-cronica"],"_links":{"self":[{"href":"https:\/\/www.radiopresidenteibanez.cl\/web\/wp-json\/wp\/v2\/posts\/18617","targetHints":{"allow":["GET"]}}],"collection":[{"href":"https:\/\/www.radiopresidenteibanez.cl\/web\/wp-json\/wp\/v2\/posts"}],"about":[{"href":"https:\/\/www.radiopresidenteibanez.cl\/web\/wp-json\/wp\/v2\/types\/post"}],"author":[{"embeddable":true,"href":"https:\/\/www.radiopresidenteibanez.cl\/web\/wp-json\/wp\/v2\/users\/2"}],"replies":[{"embeddable":true,"href":"https:\/\/www.radiopresidenteibanez.cl\/web\/wp-json\/wp\/v2\/comments?post=18617"}],"version-history":[{"count":0,"href":"https:\/\/www.radiopresidenteibanez.cl\/web\/wp-json\/wp\/v2\/posts\/18617\/revisions"}],"wp:featuredmedia":[{"embeddable":true,"href":"https:\/\/www.radiopresidenteibanez.cl\/web\/wp-json\/wp\/v2\/media\/18618"}],"wp:attachment":[{"href":"https:\/\/www.radiopresidenteibanez.cl\/web\/wp-json\/wp\/v2\/media?parent=18617"}],"wp:term":[{"taxonomy":"category","embeddable":true,"href":"https:\/\/www.radiopresidenteibanez.cl\/web\/wp-json\/wp\/v2\/categories?post=18617"},{"taxonomy":"post_tag","embeddable":true,"href":"https:\/\/www.radiopresidenteibanez.cl\/web\/wp-json\/wp\/v2\/tags?post=18617"}],"curies":[{"name":"wp","href":"https:\/\/api.w.org\/{rel}","templated":true}]}}