{"id":18614,"date":"2021-02-17T13:37:10","date_gmt":"2021-02-17T13:37:10","guid":{"rendered":"https:\/\/www.radiopresidenteibanez.cl\/web\/?p=18614"},"modified":"2021-02-17T13:37:15","modified_gmt":"2021-02-17T13:37:15","slug":"gobernacion-y-onemi-efectuaron-conversatorio-gestion-del-riesgo-en-actividades-al-aire-libre-mar-y-montana","status":"publish","type":"post","link":"https:\/\/www.radiopresidenteibanez.cl\/web\/gobernacion-y-onemi-efectuaron-conversatorio-gestion-del-riesgo-en-actividades-al-aire-libre-mar-y-montana\/","title":{"rendered":"GOBERNACI\u00d3N Y ONEMI EFECTUARON CONVERSATORIO \u201cGESTI\u00d3N DEL RIESGO EN ACTIVIDADES AL AIRE LIBRE, MAR Y MONTA\u00d1A\u201d"},"content":{"rendered":"\n<p>Los \u00faltimos&nbsp; y lamentables\neventos observados por el gobernador provincial Alejandro V\u00e1squez, relacionados\ncon la p\u00e9rdida de vidas humanas en el marco de actividades al aire libre,\ndieron lugar a reuniones con el director de Onemi, que fueron bien acogidas y\nde las cuales surgi\u00f3 la idea de realizar un Conversatorio online, que tuvo\nlugar a trav\u00e9s de la plataforma Youtube y que cont\u00f3 con las exposiciones de\nOnemi Magallanes, Ej\u00e9rcito de Chile, GOPE de Carabineros, Capitan\u00eda de Puerto,\nArmada de Chile y Socorro Andino.<\/p>\n\n\n\n<p>En su intervenci\u00f3n el gobernador V\u00e1squez agradeci\u00f3 la presencia de los\nexpertos y la convocatoria y explic\u00f3 que este conversatorio pretende ser el\ninicio de un plan para definir lineamientos de actuaci\u00f3n necesarios para\nafrontar la adversidad de diferentes escenarios naturales de nuestra regi\u00f3n,\nconcurridos y visitados por todo tipo de personas, quienes llegan hacia ellos\natra\u00eddos por sus atributos tur\u00edsticos. <\/p>\n\n\n\n<p>\u201cEstos lineamientos deben contemplar un llamado de atenci\u00f3n, a todas\naquellas personas que realizan actividades en la monta\u00f1a, en el mar y en otros\nlugares del medio natural. Pero tambi\u00e9n hacia nosotros, las autoridades,\nquienes debemos definirlos y abordar los fundamentos y gesti\u00f3n del riesgo\nofreciendo las claves para una pr\u00e1ctica tur\u00edstica y\/o deportiva, minimizando\nlos peligros impl\u00edcitos\u201d, agreg\u00f3 el gobernador.<\/p>\n\n\n\n<p>El director de Onemi Magallanes, Juan Carlos Andrade, precisamente\ndentro de las funciones de Onemi, est\u00e1 el coordinar y asesorar en las\nactividades de lo que es la gesti\u00f3n del riesgo de desastres, precisamente una\nde las partes m\u00e1s importantes y el primer eslab\u00f3n de trabajo es la comunidad,\nla familia, las personas y en ese sentido es que nos hemos abocado a analizar\nen nuestra mesa de trabajo \u201cB\u00fasqueda y rescate\u201d, de la cual todos los\nexpositores son integrantes de esa mesa con las experiencias que hemos tenido,\nhemos identificado un riesgo importante que asume nuestra comunidad y los\nturistas en nuestra regi\u00f3n y hacer actividades al aire libre.<\/p>\n\n\n\n<p>Las exposiciones estuvieron a cargo del Capit\u00e1n de fragata, Mauricio\nElgueta, de la Capitan\u00eda de Mar, el experto instructor de kayak Alexis Romo,\nquienes explicaron diferentes aspectos normativos y t\u00e9cnicos relacionados con\nlas actividades n\u00e1utico-deportivas. En monta\u00f1a, fue el turno de Carabineros,\ncon el representante del Gope, Alexis Hidalgo, del Ej\u00e9rcito de Chile, Rafael\nCastillo y Gonzalo Vidal, representante del cuerpo de Socorro Andino.<\/p>\n\n\n\n<p>En cada una de las intervenciones se explic\u00f3 en forma detallada los\naspectos de seguridad que rigen por ley, y las normas que se aplican en el\nterritorio. La importancia de la planificaci\u00f3n, de dar aviso a las autoridades\nde salidas y tiempo estimado de \u00e9stas;&nbsp;\nde la importancia de tener en cuenta el aspecto meteorol\u00f3gico, que es lo\nque m\u00e1s afecta la seguridad de las personas.&nbsp;\n<\/p>\n\n\n\n<p>La misi\u00f3n del sistema de protecci\u00f3n civil, involucra preocupaci\u00f3n por\nla vida, los bienes y el medio ambiente, es impuesto por ley, y su fin es\nproteger la vida de los ciudadanos. Pero muchas veces, la geograf\u00eda del\nterritorio, y en particular la de nuestra regi\u00f3n, es la que define el\nterritorio con una serie de eventos que suelen denominarse riesgos naturales. <\/p>\n\n\n\n<p>El conversatorio es una iniciativa que recuerda la importancia de\neducar y dar a conocer las normativas vigentes, pero tambi\u00e9n, la relevancia que\ncobra el autocuidado, tener consideraciones en cuanto a equipamiento, elementos\nde seguridad, planificaci\u00f3n y no saltarse pasos importantes, como dar aviso\nantes de emprender una caminata, una navegaci\u00f3n, una excursi\u00f3n, entre otros.\nEstar siempre preparados para el peor escenario, porque en eso consiste una\nadecuada \u201cGesti\u00f3n del riesgo\u201d, enfrentarlo de una manera proactiva y no\nreactiva.<\/p>\n\n\n\n<p>Un reto dif\u00edcil pero importante y necesario, porque son acciones que\npueden salvar vidas, porque cuando las personas son expuestas a condiciones que\nno les son comunes, pueden enfrentarse a situaciones que les ponen en riesgo.<\/p>\n","protected":false},"excerpt":{"rendered":"<p>Los \u00faltimos&nbsp; y lamentables eventos observados por el gobernador provincial Alejandro V\u00e1squez, relacionados con la p\u00e9rdida de vidas humanas en el marco de actividades al aire libre, dieron lugar a&#8230; <a class=\"read-more\" href=\"https:\/\/www.radiopresidenteibanez.cl\/web\/gobernacion-y-onemi-efectuaron-conversatorio-gestion-del-riesgo-en-actividades-al-aire-libre-mar-y-montana\/\">Leer m\u00e1s<\/a><\/p>\n","protected":false},"author":2,"featured_media":18615,"comment_status":"closed","ping_status":"closed","sticky":false,"template":"","format":"standard","meta":{"footnotes":""},"categories":[1],"tags":[],"class_list":["post-18614","post","type-post","status-publish","format-standard","has-post-thumbnail","hentry","category-cronica"],"_links":{"self":[{"href":"https:\/\/www.radiopresidenteibanez.cl\/web\/wp-json\/wp\/v2\/posts\/18614","targetHints":{"allow":["GET"]}}],"collection":[{"href":"https:\/\/www.radiopresidenteibanez.cl\/web\/wp-json\/wp\/v2\/posts"}],"about":[{"href":"https:\/\/www.radiopresidenteibanez.cl\/web\/wp-json\/wp\/v2\/types\/post"}],"author":[{"embeddable":true,"href":"https:\/\/www.radiopresidenteibanez.cl\/web\/wp-json\/wp\/v2\/users\/2"}],"replies":[{"embeddable":true,"href":"https:\/\/www.radiopresidenteibanez.cl\/web\/wp-json\/wp\/v2\/comments?post=18614"}],"version-history":[{"count":0,"href":"https:\/\/www.radiopresidenteibanez.cl\/web\/wp-json\/wp\/v2\/posts\/18614\/revisions"}],"wp:featuredmedia":[{"embeddable":true,"href":"https:\/\/www.radiopresidenteibanez.cl\/web\/wp-json\/wp\/v2\/media\/18615"}],"wp:attachment":[{"href":"https:\/\/www.radiopresidenteibanez.cl\/web\/wp-json\/wp\/v2\/media?parent=18614"}],"wp:term":[{"taxonomy":"category","embeddable":true,"href":"https:\/\/www.radiopresidenteibanez.cl\/web\/wp-json\/wp\/v2\/categories?post=18614"},{"taxonomy":"post_tag","embeddable":true,"href":"https:\/\/www.radiopresidenteibanez.cl\/web\/wp-json\/wp\/v2\/tags?post=18614"}],"curies":[{"name":"wp","href":"https:\/\/api.w.org\/{rel}","templated":true}]}}