{"id":18604,"date":"2021-02-16T14:34:41","date_gmt":"2021-02-16T14:34:41","guid":{"rendered":"https:\/\/www.radiopresidenteibanez.cl\/web\/?p=18604"},"modified":"2021-02-16T14:34:47","modified_gmt":"2021-02-16T14:34:47","slug":"homenaje-a-chick-corea-en-el-ultimo-tren-a-casa","status":"publish","type":"post","link":"https:\/\/www.radiopresidenteibanez.cl\/web\/homenaje-a-chick-corea-en-el-ultimo-tren-a-casa\/","title":{"rendered":"HOMENAJE A CHICK COREA EN EL \u00daLTIMO TREN A CASA"},"content":{"rendered":"\n<p>Este viernes 19 hrs. a trav\u00e9s de las frecuencias de Radio Presidente Ib\u00e1\u00f1ez el programa&nbsp;<em>\u201cEl \u00faltimo tren a casa\u201d<\/em>&nbsp;presenta una edici\u00f3n dedicada al recientemente fallecido pianista y compositor de jazz&nbsp;<strong>CHICK COREA<\/strong>, deceso ocurrido el pasado 9 de febrero a la edad de 79 a\u00f1os.<\/p>\n\n\n\n<p>La carrera de Chick Corea abarc\u00f3 m\u00e1s de cinco d\u00e9cadas, publicando su \u00faltimo disco en 2020. Era el cuarto artista m\u00e1s nominado en la historia de los premios Grammy con 65 nominaciones, ganando en 23 ocasiones.<\/p>\n\n\n\n<p>Toc\u00f3 con Miles Davis a finales de la d\u00e9cada de 1960 y su grupo, Return to Forever, estuvo a la vanguardia del movimiento de fusi\u00f3n de jazz.<\/p>\n\n\n\n<p>Tambi\u00e9n fue conocido en todo el mundo por su trabajo como compositor, con \u00e9xitos como \u00abSpain\u00bb y \u00ab500 Miles High\u00bb.<\/p>\n\n\n\n<p>\u00abA trav\u00e9s de su trabajo y las d\u00e9cadas que pas\u00f3 recorriendo el mundo, toc\u00f3 e inspir\u00f3 las vidas de millones\u00bb, dice el comunicado en su p\u00e1gina web.<\/p>\n\n\n\n<p>En una entrevista con la BBC en noviembre pasado, Corea dijo que hab\u00eda pasado el encierro por la pandemia de coronavirus trabajando en nuevos proyectos y que estaba deseando volver a tocar frente a una audiencia en vivo.<\/p>\n\n\n\n<p>En un mensaje que dej\u00f3 a sus fans antes de su muerte, Corea escribi\u00f3: \u00abEspero que aquellos que desean tocar, escribir, actuar o cualquier otra cosa, lo hagan. Si no es por ustedes, por el resto de nosotros\u00bb.<\/p>\n\n\n\n<p>\u00abNo es que el mundo necesite m\u00e1s artistas, es que tambi\u00e9n es muy divertido\u00bb, dijo.<\/p>\n","protected":false},"excerpt":{"rendered":"<p>Este viernes 19 hrs. a trav\u00e9s de las frecuencias de Radio Presidente Ib\u00e1\u00f1ez el programa&nbsp;\u201cEl \u00faltimo tren a casa\u201d&nbsp;presenta una edici\u00f3n dedicada al recientemente fallecido pianista y compositor de jazz&nbsp;CHICK&#8230; <a class=\"read-more\" href=\"https:\/\/www.radiopresidenteibanez.cl\/web\/homenaje-a-chick-corea-en-el-ultimo-tren-a-casa\/\">Leer m\u00e1s<\/a><\/p>\n","protected":false},"author":2,"featured_media":18605,"comment_status":"closed","ping_status":"closed","sticky":false,"template":"","format":"standard","meta":{"footnotes":""},"categories":[1],"tags":[],"class_list":["post-18604","post","type-post","status-publish","format-standard","has-post-thumbnail","hentry","category-cronica"],"_links":{"self":[{"href":"https:\/\/www.radiopresidenteibanez.cl\/web\/wp-json\/wp\/v2\/posts\/18604","targetHints":{"allow":["GET"]}}],"collection":[{"href":"https:\/\/www.radiopresidenteibanez.cl\/web\/wp-json\/wp\/v2\/posts"}],"about":[{"href":"https:\/\/www.radiopresidenteibanez.cl\/web\/wp-json\/wp\/v2\/types\/post"}],"author":[{"embeddable":true,"href":"https:\/\/www.radiopresidenteibanez.cl\/web\/wp-json\/wp\/v2\/users\/2"}],"replies":[{"embeddable":true,"href":"https:\/\/www.radiopresidenteibanez.cl\/web\/wp-json\/wp\/v2\/comments?post=18604"}],"version-history":[{"count":0,"href":"https:\/\/www.radiopresidenteibanez.cl\/web\/wp-json\/wp\/v2\/posts\/18604\/revisions"}],"wp:featuredmedia":[{"embeddable":true,"href":"https:\/\/www.radiopresidenteibanez.cl\/web\/wp-json\/wp\/v2\/media\/18605"}],"wp:attachment":[{"href":"https:\/\/www.radiopresidenteibanez.cl\/web\/wp-json\/wp\/v2\/media?parent=18604"}],"wp:term":[{"taxonomy":"category","embeddable":true,"href":"https:\/\/www.radiopresidenteibanez.cl\/web\/wp-json\/wp\/v2\/categories?post=18604"},{"taxonomy":"post_tag","embeddable":true,"href":"https:\/\/www.radiopresidenteibanez.cl\/web\/wp-json\/wp\/v2\/tags?post=18604"}],"curies":[{"name":"wp","href":"https:\/\/api.w.org\/{rel}","templated":true}]}}