{"id":18600,"date":"2021-02-17T02:45:00","date_gmt":"2021-02-17T02:45:00","guid":{"rendered":"https:\/\/www.radiopresidenteibanez.cl\/web\/?p=18600"},"modified":"2021-02-16T14:17:57","modified_gmt":"2021-02-16T14:17:57","slug":"ministro-s-del-medio-ambiente-visita-magallanes-y-resalta-compromiso-de-iniciativas-regionales-que-ayudan-a-mitigar-el-cambio-climatico-2","status":"publish","type":"post","link":"https:\/\/www.radiopresidenteibanez.cl\/web\/ministro-s-del-medio-ambiente-visita-magallanes-y-resalta-compromiso-de-iniciativas-regionales-que-ayudan-a-mitigar-el-cambio-climatico-2\/","title":{"rendered":"MINISTRO (S) DEL MEDIO AMBIENTE VISITA MAGALLANES Y RESALTA COMPROMISO DE INICIATIVAS REGIONALES QUE AYUDAN A MITIGAR EL CAMBIO CLIM\u00c1TICO"},"content":{"rendered":"\n<p>El cambio clim\u00e1tico es\nuno de los m\u00e1s importantes desaf\u00edos que nos encontramos enfrentando. Por ello,\nes que las acciones o medidas que busquen reducir las fuentes de emisi\u00f3n de\ngases de efecto invernadero, se transforman en un aporte relevante desde donde\nnazcan. <\/p>\n\n\n\n<p>En ese contexto, durante\nsu visita a Magallanes, el ministro (S) del Medio Ambiente, Javier Naranjo\nSolano, conoci\u00f3 dos importantes iniciativas regionales que aportan en la acci\u00f3n\ncontra el cambio clim\u00e1tico y act\u00faan desde lo local para finalmente, contribuir\na nivel global: la empresa Patagonia Blend y la sede del Taller Laboral de\nUNPADE.<\/p>\n\n\n\n<p>Durante el recorrido, la\nautoridad de la cartera ambiental, estuvo acompa\u00f1ado de la intendenta de la\nRegi\u00f3n de Magallanes y de la Ant\u00e1rtica Chilena, Jenniffer Rojas Garc\u00eda y el\nseremi del Medio Ambiente, Carlos Olave Solar.<\/p>\n\n\n\n<p><strong>Patagonia Blend<\/strong><\/p>\n\n\n\n<p>La empresa regional Patagonia Blend se\ndedica a laselecci\u00f3n,\ncalificaci\u00f3n y tueste de caf\u00e9 y cacaos especiales, junto con la elaboraci\u00f3n de\nt\u00e9 en hebras con frutos deshidratados, tratando siempre de que todas las tareas\nque realizan sean en torno al cuidado del medio ambiente, desde 2019 cuentan\ncon el Departamento de Sustentabilidad, donde su principal objetivo era\nconducir a la empresa hacia una econom\u00eda circular certificada y cuya finalidad\nes la de trabajar para mitigar y\ncompensar el impacto ambiental del proceso productivo. Esto, a trav\u00e9s de\nla creaci\u00f3n de acciones de mitigaci\u00f3n y compensaci\u00f3n en la cadena\nproductiva y generaci\u00f3n de alianzas con empresas y clientes comprometidos con\nel mismo objetivo.<strong><\/strong><\/p>\n\n\n\n<p>Entre las actividades\ndesarrolladas por Patagonia Blend se encuentranla reutilizaci\u00f3n de materia org\u00e1nica\n(como su propia borra de caf\u00e9), aporte en el proceso de reciclaje de la empresa\ny sus colaboradores, retribuci\u00f3n a los clientes a trav\u00e9s de la educaci\u00f3n\nambiental y tambi\u00e9n, aportes en <\/p>\n\n\n\n<p>procesos de reforestaci\u00f3n para compensar la huella de\ncarbono apoyando la campa\u00f1a Tu Mejor Huella (la cual hoy se encuentra detenida\npor la situaci\u00f3n sanitaria), cuentan con punto limpio interno y venta de caf\u00e9 a\ngranel. <\/p>\n\n\n\n<p>Actualmente, la empresa\nes parte del proyecto #ElijoReciclar y se encuentra a la espera de la obtenci\u00f3n\nde la acreditaci\u00f3n de Ecoetiquetado y as\u00ed lograr certificar sus envases. Para\nlograr aquello, tuvieron que implementar el cambio en sus &nbsp;envases, que hoy son de pl\u00e1stico de alta\ndensidad, lo que permite que estos se puedan reciclar, ya que no tiene aluminio\nadherido.<strong><\/strong><\/p>\n\n\n\n<p>Seg\u00fan lo se\u00f1alado por el ministro (S) del Medio\nAmbiente, Javier Naranjo Solano, <em>\u201cEs\ndestacable tener una empresa regional, como una de las primeras en Chile en ser\nparte del proyecto #ElijoReciclar, y m\u00e1s un que durante el proceso puedan\nobtener el sello para validar sus envases, es importante que los consumidores\npuedan identificar a simple vista los envases que se pueden reciclar. En el\nsitio web <strong>elijoreciclar.mma.gob.cl<\/strong>,\nse puede aprender a identificar f\u00e1cilmente estos envases, c\u00f3mo reciclarlos. Hoy\ndebemos ser conscientes de que las&nbsp;\ndecisiones que tomamos como consumidores pueden ser un granito de\narena&nbsp; en la ayuda a mitigar el cambio\nclim\u00e1tico\u201d.<\/em><\/p>\n\n\n\n<p><strong>Fondo de\nProtecci\u00f3n Ambiental Rotary Austral Punta Arenas<\/strong><strong><\/strong><\/p>\n\n\n\n<p>El Ministerio del Medio Ambiente (MMA)\na trav\u00e9s del Concurso 2020 del Fondo de Protecci\u00f3n Ambiental (FPA) del\nConcurso Iniciativas Sustentables Ciudadanas adjudic\u00f3 y financi\u00f3 por un monto\ntotal de $6.000.000.- (seis millones de pesos) el proyecto denominado <em>\u201cImplementaci\u00f3n de energ\u00eda renovable\nfotovoltaica en taller laboral para personas en situaci\u00f3n de discapacidad\n(UNPADE Magallanes)\u201d,<\/em>postulado y ejecutado por Rotary Club Austral\nPunta Arenas. <\/p>\n\n\n\n<p>A trav\u00e9s del\nproyecto, se ha logrado concretar la instalaci\u00f3n de un sistema\nfotovoltaico on-grid Net-Billing en la sede del Taller Laboral para Personas en Situaci\u00f3n de\nDiscapacidad de UNPADE, lo que permitir\u00e1 disminuir los gastos generales de\nelectricidad de la organizaci\u00f3n. El sistema, est\u00e1 conectado a la red el\u00e9ctrica\nde UNPADE y funciona como una fuente de suministro de electricidad paralelo y\nsimult\u00e1neo a la red p\u00fablica de electricidad. <\/p>\n\n\n\n<p>De acuerdo a\nlo manifestado por la intendenta de la Regi\u00f3n de Magallanes y de la Ant\u00e1rtica\nChilena, Jenniffer Rojas, el desarrollo de este proyecto <em>\u201ces muy significativo porque demuestra un claro inter\u00e9s por desarrollar\nuna labor responsable con el medio ambiente. Generar energ\u00edas renovables es\nsin\u00f3nimo de entender lo urgente del cuidado de nuestro entorno, y que una\ninstituci\u00f3n sin fines de lucro se involucre en esta materia, es destacable.\nAdem\u00e1s, genera ahorro econ\u00f3mico, por lo que se constata una visi\u00f3n muy positiva\nde su labor\u201d.<\/em><\/p>\n\n\n\n<p>El proyecto\nFPA considera tambi\u00e9n la realizaci\u00f3n de diversas capacitaciones para los socios\ny socias de UNPADE, como capacitacines en Eficiencia Energ\u00e9tica, Energ\u00eda Renovable No\nConvencionales y Adaptaci\u00f3n y Mitigaci\u00f3n al Cambio Clim\u00e1tico a los alumnos,\npersonal y comunidad en general. Mediante el sistema de monitoreo en l\u00ednea, se\npodr\u00e1 observar la generaci\u00f3n de energ\u00eda generada a partir de los paneles\nfotovoltaicos seg\u00fan la cantidad de radiaci\u00f3n de cada momento del d\u00eda (ahorro\nde hasta 36 %, respecto al consumo actual) versus el uso de energ\u00eda de la red\nel\u00e9ctrica, la cual est\u00e1 alimentada a partir de energ\u00edas no renovables y con\nemisiones de gases de efecto invernadero (gas). \n\nUNPADE\nademas cuenta con un taller hortofrut\u00edcola y composteras, a trav\u00e9s de estas\nactividades se busca el fortalecimiento individual, grupal y comunitario de las\npersonas, a trav\u00e9s de acciones propias del trabajo con la tierra.\n\n\n\n<\/p>\n","protected":false},"excerpt":{"rendered":"<p>El cambio clim\u00e1tico es uno de los m\u00e1s importantes desaf\u00edos que nos encontramos enfrentando. Por ello, es que las acciones o medidas que busquen reducir las fuentes de emisi\u00f3n de&#8230; <a class=\"read-more\" href=\"https:\/\/www.radiopresidenteibanez.cl\/web\/ministro-s-del-medio-ambiente-visita-magallanes-y-resalta-compromiso-de-iniciativas-regionales-que-ayudan-a-mitigar-el-cambio-climatico-2\/\">Leer m\u00e1s<\/a><\/p>\n","protected":false},"author":2,"featured_media":18601,"comment_status":"closed","ping_status":"closed","sticky":false,"template":"","format":"standard","meta":{"footnotes":""},"categories":[1],"tags":[],"class_list":["post-18600","post","type-post","status-publish","format-standard","has-post-thumbnail","hentry","category-cronica"],"_links":{"self":[{"href":"https:\/\/www.radiopresidenteibanez.cl\/web\/wp-json\/wp\/v2\/posts\/18600","targetHints":{"allow":["GET"]}}],"collection":[{"href":"https:\/\/www.radiopresidenteibanez.cl\/web\/wp-json\/wp\/v2\/posts"}],"about":[{"href":"https:\/\/www.radiopresidenteibanez.cl\/web\/wp-json\/wp\/v2\/types\/post"}],"author":[{"embeddable":true,"href":"https:\/\/www.radiopresidenteibanez.cl\/web\/wp-json\/wp\/v2\/users\/2"}],"replies":[{"embeddable":true,"href":"https:\/\/www.radiopresidenteibanez.cl\/web\/wp-json\/wp\/v2\/comments?post=18600"}],"version-history":[{"count":0,"href":"https:\/\/www.radiopresidenteibanez.cl\/web\/wp-json\/wp\/v2\/posts\/18600\/revisions"}],"wp:featuredmedia":[{"embeddable":true,"href":"https:\/\/www.radiopresidenteibanez.cl\/web\/wp-json\/wp\/v2\/media\/18601"}],"wp:attachment":[{"href":"https:\/\/www.radiopresidenteibanez.cl\/web\/wp-json\/wp\/v2\/media?parent=18600"}],"wp:term":[{"taxonomy":"category","embeddable":true,"href":"https:\/\/www.radiopresidenteibanez.cl\/web\/wp-json\/wp\/v2\/categories?post=18600"},{"taxonomy":"post_tag","embeddable":true,"href":"https:\/\/www.radiopresidenteibanez.cl\/web\/wp-json\/wp\/v2\/tags?post=18600"}],"curies":[{"name":"wp","href":"https:\/\/api.w.org\/{rel}","templated":true}]}}