{"id":18597,"date":"2021-02-17T14:30:00","date_gmt":"2021-02-17T14:30:00","guid":{"rendered":"https:\/\/www.radiopresidenteibanez.cl\/web\/?p=18597"},"modified":"2021-02-16T14:14:57","modified_gmt":"2021-02-16T14:14:57","slug":"gobernadora-ericka-farias-visito-camaras-de-monitoreo-para-deteccion-de-incendios-de-conaf","status":"publish","type":"post","link":"https:\/\/www.radiopresidenteibanez.cl\/web\/gobernadora-ericka-farias-visito-camaras-de-monitoreo-para-deteccion-de-incendios-de-conaf\/","title":{"rendered":"GOBERNADORA ERICKA FAR\u00cdAS VISIT\u00d3 C\u00c1MARAS DE MONITOREO PARA DETECCI\u00d3N DE INCENDIOS DE CONAF"},"content":{"rendered":"\n<p>En el\nmarco del D\u00eda Nacional del Brigadista Forestal, se realiz\u00f3 una ceremonia en la\nBase de Brigada Lenga 4 de Conaf en la comuna de Natales, instancia que destac\u00f3\nel importante rol que cumplen d\u00eda a d\u00eda los brigadistas forestales en la\npreservaci\u00f3n de bosques, parques nacionales, el cuidado de la flora y fauna, entre\notros. La instancia cont\u00f3 con la presencia de la gobernadora de la provincia de\n\u00daltima Esperanza, Ericka Far\u00edas, quien valor\u00f3 el importante trabajo que llevan\na cabo en la provincia y a lo largo de todo el territorio nacional.<\/p>\n\n\n\n<p>La\njornada contempl\u00f3 la visita a las instalaciones de las c\u00e1maras de monitoreo de\nConaf, lugar donde se puede realizar un barrido de distintas zonas de la\nprovincia y del Parque Nacional Torres del Paine. Respecto a esto, el jefe\nprovincial (s) de Conaf, Rodrigo Rodr\u00edguez, se\u00f1al\u00f3 que \u201cinvitamos a la\ngobernadora para que pudiera conocer todos los elementos dise\u00f1ados para la\ndetecci\u00f3n y combate de incendios, a trav\u00e9s de las c\u00e1maras y los veh\u00edculos de\nprimer ataque\u201d.<\/p>\n\n\n\n<p>En\ntanto, la gobernadora Ericka Far\u00edas coment\u00f3 que \u201choy d\u00eda contamos con este\nimportante instrumento tecnol\u00f3gico que abarca aproximadamente un 80% del\nterritorio de la provincia, tenemos en Torres del Paine, desde el cord\u00f3n\nArauco, en Dorotea, en distintas zonas, entonces es algo fundamental y valioso,\nya que ha sido de gran ayuda para nuestros brigadistas\u201d.<\/p>\n\n\n\n<p>Estas\nc\u00e1maras se obtuvieron por una postulaci\u00f3n realizada por Conaf a trav\u00e9s de\nfondos del Gobierno Regional, cuyo marco presupuestario fuera aprobado por el\nCORE.<\/p>\n\n\n\n<p>Sobre\nsu funcionalidad, Rodr\u00edguez agreg\u00f3 que \u201choy d\u00eda contamos con c\u00e1maras de\ndetecci\u00f3n de incendios que est\u00e1n ubicadas en diferentes puntos de nuestra\nprovincia, su funci\u00f3n es llegar en forma r\u00e1pida y eficiente a un incendio que\nse pueda estar dando de manera incipiente a trav\u00e9s de una temprana detecci\u00f3n\u201d.<\/p>\n\n\n\n<p>Finalmente,\nla gobernadora se\u00f1al\u00f3 que \u201cagradezco la funci\u00f3n que realiza el personal,\nesperamos en alg\u00fan momento tener el territorio cubierto con estas c\u00e1maras en un\n100%, ya que es una gran herramienta que nos permite enfrentar los incendios a\ntiempo antes de que puedan elevarse a una amenaza mayor\u201d.\n\nDe\nesta manera, las c\u00e1maras vienen a ser un importante apoyo en la labor que\nllevan a cabo los brigadistas, pues brindan la posibilidad de adelantarse a los\nhechos a trav\u00e9s de una temprana detecci\u00f3n del fuego, la que sumada a los\nveh\u00edculos de respuesta r\u00e1pida, permiten que tanto personal de Conaf como Bomberos,\nCarabineros y Ej\u00e9rcito, puedan desarrollar su trabajo de mejor manera en el\ncombate contra incendios. \n\n\n\n<\/p>\n","protected":false},"excerpt":{"rendered":"<p>En el marco del D\u00eda Nacional del Brigadista Forestal, se realiz\u00f3 una ceremonia en la Base de Brigada Lenga 4 de Conaf en la comuna de Natales, instancia que destac\u00f3&#8230; <a class=\"read-more\" href=\"https:\/\/www.radiopresidenteibanez.cl\/web\/gobernadora-ericka-farias-visito-camaras-de-monitoreo-para-deteccion-de-incendios-de-conaf\/\">Leer m\u00e1s<\/a><\/p>\n","protected":false},"author":2,"featured_media":18598,"comment_status":"closed","ping_status":"closed","sticky":false,"template":"","format":"standard","meta":{"footnotes":""},"categories":[1],"tags":[],"class_list":["post-18597","post","type-post","status-publish","format-standard","has-post-thumbnail","hentry","category-cronica"],"_links":{"self":[{"href":"https:\/\/www.radiopresidenteibanez.cl\/web\/wp-json\/wp\/v2\/posts\/18597","targetHints":{"allow":["GET"]}}],"collection":[{"href":"https:\/\/www.radiopresidenteibanez.cl\/web\/wp-json\/wp\/v2\/posts"}],"about":[{"href":"https:\/\/www.radiopresidenteibanez.cl\/web\/wp-json\/wp\/v2\/types\/post"}],"author":[{"embeddable":true,"href":"https:\/\/www.radiopresidenteibanez.cl\/web\/wp-json\/wp\/v2\/users\/2"}],"replies":[{"embeddable":true,"href":"https:\/\/www.radiopresidenteibanez.cl\/web\/wp-json\/wp\/v2\/comments?post=18597"}],"version-history":[{"count":0,"href":"https:\/\/www.radiopresidenteibanez.cl\/web\/wp-json\/wp\/v2\/posts\/18597\/revisions"}],"wp:featuredmedia":[{"embeddable":true,"href":"https:\/\/www.radiopresidenteibanez.cl\/web\/wp-json\/wp\/v2\/media\/18598"}],"wp:attachment":[{"href":"https:\/\/www.radiopresidenteibanez.cl\/web\/wp-json\/wp\/v2\/media?parent=18597"}],"wp:term":[{"taxonomy":"category","embeddable":true,"href":"https:\/\/www.radiopresidenteibanez.cl\/web\/wp-json\/wp\/v2\/categories?post=18597"},{"taxonomy":"post_tag","embeddable":true,"href":"https:\/\/www.radiopresidenteibanez.cl\/web\/wp-json\/wp\/v2\/tags?post=18597"}],"curies":[{"name":"wp","href":"https:\/\/api.w.org\/{rel}","templated":true}]}}