{"id":18594,"date":"2021-02-17T02:15:00","date_gmt":"2021-02-17T02:15:00","guid":{"rendered":"https:\/\/www.radiopresidenteibanez.cl\/web\/?p=18594"},"modified":"2021-02-16T14:12:10","modified_gmt":"2021-02-16T14:12:10","slug":"conaf-destaco-labor-que-realizan-brigadistas-en-las-distintas-provincias-de-la-region","status":"publish","type":"post","link":"https:\/\/www.radiopresidenteibanez.cl\/web\/conaf-destaco-labor-que-realizan-brigadistas-en-las-distintas-provincias-de-la-region\/","title":{"rendered":"CONAF DESTAC\u00d3 LABOR QUE REALIZAN BRIGADISTAS EN LAS DISTINTAS PROVINCIAS DE LA REGI\u00d3N"},"content":{"rendered":"\n<p>Con ocasi\u00f3n de conmemorarse este lunes 15 de febrero el D\u00eda Nacional de las y los brigadistas forestales, la Corporaci\u00f3n Nacional Forestal (CONAF) en Magallanes salud\u00f3 a sus brigadas desplegadas en los distintos puntos del territorio magall\u00e1nico.<\/p>\n\n\n\n<p>Fue&nbsp; as\u00ed que al mediod\u00eda, en Punta Arenas y Natales de manera simult\u00e1nea, y en la tarde en Puerto Williams, se realizaron saludos de autoridades locales a las brigadas con la finalidad de resaltar la labor que realizan en la protecci\u00f3n de los ecosistemas naturales, as\u00ed como recordar a quienes han fallecido en pos de esta misi\u00f3n.<\/p>\n\n\n\n<p>En el sector sur de Punta Arenas, en R\u00edo de Los Ciervos,&nbsp; donde CONAF tiene su vivero forestal y base de brigadas, lleg\u00f3 el seremi de Agricultura, Alfonso Roux, junto al director regional de CONAF, Mauricio V\u00e9jar, para saludar a las brigadas Lenga 3 y 8, encargadas de vigilar del acoso del fuego a la provincia de Magallanes.<\/p>\n\n\n\n<p>En la ocasi\u00f3n, el titular de Agricultura destac\u00f3 la acci\u00f3n de las brigadas, se\u00f1alando el riesgo que significa enfrentar la acci\u00f3n del fuego y la necesidad de velar por sobre todo en la integridad f\u00edsica, mientras que el director regional de CONAF, se\u00f1al\u00f3 que si bien la fecha recuerda a los 12 brigadistas de Forestal CELCO y el piloto de un helic\u00f3ptero de la empresa Flight Service, que el a\u00f1o 2009 fallecieron en un accidente a\u00e9reo en la comuna de Chanco en la Regi\u00f3n del Maule, actualmente la fecha es un punto de reflexi\u00f3n y valoraci\u00f3n de la misi\u00f3n de&nbsp; los y las brigadistas.<\/p>\n\n\n\n<p>En Natales, la brigada Lenga 4, instalada en el sector de huertos familiares, recibieron la visita y saludo de la gobernadora provincial, Ericka Far\u00edas, qui\u00e9n adem\u00e1s pudo conocer la infraestructura que tiene CONAF en la provincia de \u00daltima Esperanza.<\/p>\n\n\n\n<p>Mientras que en Puerto Williams, autoridades locales se dieron el tiempo y espacio para concurrir hasta la base de brigada que posee CONAF en la comuna de Cabo de Hornos, donde entregaron un saludo a la brigada Lenga 12, considerada la m\u00e1s austral de Chile y el mundo.<\/p>\n\n\n\n<p>En Magallanes, son 11 las brigadas que CONAF tiene distribuidas a lo largo de la regi\u00f3n, con cerca de 105 personas en la labor de brigadistas para combatir incendios forestales.<\/p>\n","protected":false},"excerpt":{"rendered":"<p>Con ocasi\u00f3n de conmemorarse este lunes 15 de febrero el D\u00eda Nacional de las y los brigadistas forestales, la Corporaci\u00f3n Nacional Forestal (CONAF) en Magallanes salud\u00f3 a sus brigadas desplegadas&#8230; <a class=\"read-more\" href=\"https:\/\/www.radiopresidenteibanez.cl\/web\/conaf-destaco-labor-que-realizan-brigadistas-en-las-distintas-provincias-de-la-region\/\">Leer m\u00e1s<\/a><\/p>\n","protected":false},"author":2,"featured_media":18595,"comment_status":"closed","ping_status":"closed","sticky":false,"template":"","format":"standard","meta":{"footnotes":""},"categories":[1],"tags":[],"class_list":["post-18594","post","type-post","status-publish","format-standard","has-post-thumbnail","hentry","category-cronica"],"_links":{"self":[{"href":"https:\/\/www.radiopresidenteibanez.cl\/web\/wp-json\/wp\/v2\/posts\/18594","targetHints":{"allow":["GET"]}}],"collection":[{"href":"https:\/\/www.radiopresidenteibanez.cl\/web\/wp-json\/wp\/v2\/posts"}],"about":[{"href":"https:\/\/www.radiopresidenteibanez.cl\/web\/wp-json\/wp\/v2\/types\/post"}],"author":[{"embeddable":true,"href":"https:\/\/www.radiopresidenteibanez.cl\/web\/wp-json\/wp\/v2\/users\/2"}],"replies":[{"embeddable":true,"href":"https:\/\/www.radiopresidenteibanez.cl\/web\/wp-json\/wp\/v2\/comments?post=18594"}],"version-history":[{"count":0,"href":"https:\/\/www.radiopresidenteibanez.cl\/web\/wp-json\/wp\/v2\/posts\/18594\/revisions"}],"wp:featuredmedia":[{"embeddable":true,"href":"https:\/\/www.radiopresidenteibanez.cl\/web\/wp-json\/wp\/v2\/media\/18595"}],"wp:attachment":[{"href":"https:\/\/www.radiopresidenteibanez.cl\/web\/wp-json\/wp\/v2\/media?parent=18594"}],"wp:term":[{"taxonomy":"category","embeddable":true,"href":"https:\/\/www.radiopresidenteibanez.cl\/web\/wp-json\/wp\/v2\/categories?post=18594"},{"taxonomy":"post_tag","embeddable":true,"href":"https:\/\/www.radiopresidenteibanez.cl\/web\/wp-json\/wp\/v2\/tags?post=18594"}],"curies":[{"name":"wp","href":"https:\/\/api.w.org\/{rel}","templated":true}]}}