{"id":18591,"date":"2021-02-17T02:00:16","date_gmt":"2021-02-17T02:00:16","guid":{"rendered":"https:\/\/www.radiopresidenteibanez.cl\/web\/?p=18591"},"modified":"2021-02-16T14:10:09","modified_gmt":"2021-02-16T14:10:09","slug":"gobierno-da-un-nuevo-paso-para-un-retorno-seguro-a-clases-con-inicio-del-proceso-de-vacunacion-de-trabajadores-de-establecimientos-educacionales","status":"publish","type":"post","link":"https:\/\/www.radiopresidenteibanez.cl\/web\/gobierno-da-un-nuevo-paso-para-un-retorno-seguro-a-clases-con-inicio-del-proceso-de-vacunacion-de-trabajadores-de-establecimientos-educacionales\/","title":{"rendered":"GOBIERNO DA UN NUEVO PASO PARA UN RETORNO SEGURO A CLASES CON INICIO DEL   PROCESO DE VACUNACI\u00d3N DE TRABAJADORES DE ESTABLECIMIENTOS EDUCACIONALES"},"content":{"rendered":"\n<p>Con la vacunaci\u00f3n de la\neducadora de p\u00e1rvulos <strong>Gloria Alfaro Segovia<\/strong>, de 65 a\u00f1os, el Gobierno\ninici\u00f3 esta ma\u00f1ana de manera oficial el proceso de vacunaci\u00f3n del grupo\nprioritario correspondiente a los trabajadores de establecimientos\neducacionales.&nbsp; &nbsp;&nbsp;&nbsp;&nbsp; <br>\n<br>\nLos ministros de Educaci\u00f3n y de Salud, <strong>Ra\u00fal Figueroa<\/strong> y <strong>Enrique Paris<\/strong>,\njunto al alcalde de Santiago, <strong>Felipe Alessandri<\/strong>, presenciaron el\narranque de esta nueva fase de la campa\u00f1a de vacunaci\u00f3n contra el Covid-19 en\nla Escuela<em> <\/em>B\u00e1sica Salvador Sanfuentes, donde se inocularon profesores\ny asistentes de la educaci\u00f3n.&nbsp; &nbsp; \n\nEl ministro Ra\u00fal Figueroa\nindic\u00f3 que la vacunaci\u00f3n del personal de la educaci\u00f3n \u201cconstituye un elemento\nfundamental para entregar tranquilidad a las comunidades educativas con miras a\nreiniciar el a\u00f1o escolar de forma segura y con un sistema mixto, combinando la\npresencialidad con la educaci\u00f3n a distancia, lo que entrega a los padres la\nposibilidad de ir optando por el mejor camino para volver a clases, siempre\nponiendo a nuestros alumnos como principal prioridad\u201d.&nbsp; &nbsp;&nbsp;&nbsp; <br><br>\nEn los pr\u00f3ximos d\u00edas se inocular\u00e1 a un total de 513.621 funcionarios, partiendo\npor los mayores de 60 a\u00f1os, incluyendo a profesores, educadoras de p\u00e1rvulos,\nasistentes de la educaci\u00f3n, directores, administrativos y manipuladoras de\nalimentos, quienes fueron incorporados en el 30% de la poblaci\u00f3n priorizada por\nel Gobierno en el calendario de vacunaci\u00f3n.&nbsp;\n&nbsp;&nbsp;&nbsp;&nbsp;&nbsp;&nbsp;&nbsp;&nbsp;&nbsp; <br><br>\n\u201cHoy iniciamos una etapa de la\nvacunaci\u00f3n que es trascendental. El regreso a clases es voluntario. Pero dicho\neso, muchos padres y apoderados se nos han acercado y nos dicen que quieren los\ncolegios abiertos. Lo mismo para los ni\u00f1os, ya que la parte socioemocional para\nellos es fundamental y quieren ver a sus compa\u00f1eros\u201d, indic\u00f3 el alcalde\nAlessandri al resaltar la importancia de la inoculaci\u00f3n del cuerpo docente y de\nlos trabajadores que acuden a diario a los establecimientos educacionales.&nbsp; &nbsp;&nbsp;&nbsp;&nbsp;&nbsp;&nbsp;&nbsp;&nbsp; <br><br>\nEl ministro Figueroa remarc\u00f3 tambi\u00e9n que \u201cel\nesfuerzo que se ha hecho por parte de la autoridad sanitaria para poder dar a\nprofesores y asistentes de la educaci\u00f3n esta prioridad ha sido enorme; el\nproceso educativo del a\u00f1o 2021 debe ser distinto al del a\u00f1o 2020, que fue muy\ncomplejo no solo en Chile tambi\u00e9n en el resto del mundo, y este esfuerzo tiene\ncomo objetivo entregarles m\u00e1s seguridad a las familias antes del inicio de las\nclases a partir del 1 marzo\u201d.&nbsp; &nbsp;&nbsp;&nbsp;&nbsp;&nbsp; <br><br>\nEn esa l\u00ednea, el ministro Paris explic\u00f3 que \u201chemos comenzado con los mayores de\n60 a\u00f1os, porque con esto queremos darles seguridad a los profesores, seguridad\na los padres, y tambi\u00e9n a los ni\u00f1os de que puedan volver a clases en marzo\u201d.\nSin embargo, record\u00f3 que \u201cla vuelta a clases debe regirse bajo las normas de\nlos protocolos sanitarios. No vamos a decir nunca que estamos todos protegidos\nantes de tener vacunados al 70 u 80% de la poblaci\u00f3n susceptible. Tenemos que\nseguir manteniendo la mascarilla, el distanciamiento f\u00edsico y el lavado de\nmanos. Esto no ha terminado\u201d.&nbsp; &nbsp;&nbsp;&nbsp;&nbsp;&nbsp;&nbsp; <br><br>\nAmbas autoridades ministeriales recordaron que para acreditar su calidad de\ntrabajadores de la educaci\u00f3n en el recinto de vacunaci\u00f3n, los funcionarios\npodr\u00e1n presentar su contrato de trabajo o un documento similar y, en caso de no\nposeerlo, podr\u00e1n descargar un certificado en\nhttps:\/\/tramites.mineduc.cl\/home\/procesos\/5, con su Clave \u00danica.&nbsp; &nbsp;&nbsp;&nbsp;&nbsp;&nbsp;&nbsp;&nbsp;&nbsp; <br><br>\nLos funcionarios que no conozcan su lugar de vacunaci\u00f3n podr\u00e1n encontrarlo en <a href=\"https:\/\/www.gob.cl\/yomevacuno\/\">https:\/\/www.gob.cl\/yomevacuno\/<\/a>, o consultarlo con el delegado de vacunaci\u00f3n\nque se design\u00f3 en cada establecimiento para acompa\u00f1ar este proceso.\n\n\n\n<\/p>\n","protected":false},"excerpt":{"rendered":"<p>Con la vacunaci\u00f3n de la educadora de p\u00e1rvulos Gloria Alfaro Segovia, de 65 a\u00f1os, el Gobierno inici\u00f3 esta ma\u00f1ana de manera oficial el proceso de vacunaci\u00f3n del grupo prioritario correspondiente&#8230; <a class=\"read-more\" href=\"https:\/\/www.radiopresidenteibanez.cl\/web\/gobierno-da-un-nuevo-paso-para-un-retorno-seguro-a-clases-con-inicio-del-proceso-de-vacunacion-de-trabajadores-de-establecimientos-educacionales\/\">Leer m\u00e1s<\/a><\/p>\n","protected":false},"author":2,"featured_media":18592,"comment_status":"closed","ping_status":"closed","sticky":false,"template":"","format":"standard","meta":{"footnotes":""},"categories":[1],"tags":[],"class_list":["post-18591","post","type-post","status-publish","format-standard","has-post-thumbnail","hentry","category-cronica"],"_links":{"self":[{"href":"https:\/\/www.radiopresidenteibanez.cl\/web\/wp-json\/wp\/v2\/posts\/18591","targetHints":{"allow":["GET"]}}],"collection":[{"href":"https:\/\/www.radiopresidenteibanez.cl\/web\/wp-json\/wp\/v2\/posts"}],"about":[{"href":"https:\/\/www.radiopresidenteibanez.cl\/web\/wp-json\/wp\/v2\/types\/post"}],"author":[{"embeddable":true,"href":"https:\/\/www.radiopresidenteibanez.cl\/web\/wp-json\/wp\/v2\/users\/2"}],"replies":[{"embeddable":true,"href":"https:\/\/www.radiopresidenteibanez.cl\/web\/wp-json\/wp\/v2\/comments?post=18591"}],"version-history":[{"count":0,"href":"https:\/\/www.radiopresidenteibanez.cl\/web\/wp-json\/wp\/v2\/posts\/18591\/revisions"}],"wp:featuredmedia":[{"embeddable":true,"href":"https:\/\/www.radiopresidenteibanez.cl\/web\/wp-json\/wp\/v2\/media\/18592"}],"wp:attachment":[{"href":"https:\/\/www.radiopresidenteibanez.cl\/web\/wp-json\/wp\/v2\/media?parent=18591"}],"wp:term":[{"taxonomy":"category","embeddable":true,"href":"https:\/\/www.radiopresidenteibanez.cl\/web\/wp-json\/wp\/v2\/categories?post=18591"},{"taxonomy":"post_tag","embeddable":true,"href":"https:\/\/www.radiopresidenteibanez.cl\/web\/wp-json\/wp\/v2\/tags?post=18591"}],"curies":[{"name":"wp","href":"https:\/\/api.w.org\/{rel}","templated":true}]}}