{"id":18582,"date":"2021-02-16T13:38:19","date_gmt":"2021-02-16T13:38:19","guid":{"rendered":"https:\/\/www.radiopresidenteibanez.cl\/web\/?p=18582"},"modified":"2021-02-16T13:38:24","modified_gmt":"2021-02-16T13:38:24","slug":"enap-comenzo-el-proceso-de-vacunacion-de-sus-trabajadores-en-magallanes","status":"publish","type":"post","link":"https:\/\/www.radiopresidenteibanez.cl\/web\/enap-comenzo-el-proceso-de-vacunacion-de-sus-trabajadores-en-magallanes\/","title":{"rendered":"ENAP COMENZ\u00d3 EL PROCESO DE VACUNACI\u00d3N DE SUS TRABAJADORES EN MAGALLANES"},"content":{"rendered":"\n<p>A\ntres semanas de haber comenzado la vacunaci\u00f3n masiva contra el Covid-19 en el\npa\u00eds, ENAP inici\u00f3 dicho procedimiento en sus operaciones en Magallanes.<\/p>\n\n\n\n<p>La\nestatal fue incluida en las primeras etapas del calendario de inoculaci\u00f3n\ncontra el Covid-19 elaborado por el Ministerio de Salud, debido a su car\u00e1cter\nde empresa esencial para el funcionamiento del Estado.<\/p>\n\n\n\n<p>A\npartir de hoy, los trabajadores de ENAP Magallanes que se encuentran dentro del\ngrupo de riesgo m\u00e9dico comenzaron a ser inmunizados, en un proceso que est\u00e1\nsiendo coordinado con el Minsal y que se extender\u00e1 al personal cr\u00edtico de la\noperaci\u00f3n en los pr\u00f3ximos d\u00edas. Esto, de acuerdo con el calendario que vaya\nentregando la autoridad de salud y sobre el cual ENAP no tiene injerencia.<\/p>\n\n\n\n<p>Desde\nla compa\u00f1\u00eda, y dada la relevancia en la detenci\u00f3n de la pandemia, se invit\u00f3 a\ntodos los miembros de la organizaci\u00f3n a informarse y revisar el cronograma\noficial de inoculaci\u00f3npara ser parte activa de esta inmunizaci\u00f3n.<\/p>\n\n\n\n<p>De\nesta manera, ENAP contin\u00faa reforzando su compromiso con la salud de sus\ntrabajadores y garantizando as\u00ed el abastecimiento de combustible para la Regi\u00f3n\nde Magallanes y de todo el pa\u00eds.<\/p>\n","protected":false},"excerpt":{"rendered":"<p>A tres semanas de haber comenzado la vacunaci\u00f3n masiva contra el Covid-19 en el pa\u00eds, ENAP inici\u00f3 dicho procedimiento en sus operaciones en Magallanes. La estatal fue incluida en las&#8230; <a class=\"read-more\" href=\"https:\/\/www.radiopresidenteibanez.cl\/web\/enap-comenzo-el-proceso-de-vacunacion-de-sus-trabajadores-en-magallanes\/\">Leer m\u00e1s<\/a><\/p>\n","protected":false},"author":2,"featured_media":2789,"comment_status":"closed","ping_status":"closed","sticky":false,"template":"","format":"standard","meta":{"footnotes":""},"categories":[1],"tags":[],"class_list":["post-18582","post","type-post","status-publish","format-standard","has-post-thumbnail","hentry","category-cronica"],"_links":{"self":[{"href":"https:\/\/www.radiopresidenteibanez.cl\/web\/wp-json\/wp\/v2\/posts\/18582","targetHints":{"allow":["GET"]}}],"collection":[{"href":"https:\/\/www.radiopresidenteibanez.cl\/web\/wp-json\/wp\/v2\/posts"}],"about":[{"href":"https:\/\/www.radiopresidenteibanez.cl\/web\/wp-json\/wp\/v2\/types\/post"}],"author":[{"embeddable":true,"href":"https:\/\/www.radiopresidenteibanez.cl\/web\/wp-json\/wp\/v2\/users\/2"}],"replies":[{"embeddable":true,"href":"https:\/\/www.radiopresidenteibanez.cl\/web\/wp-json\/wp\/v2\/comments?post=18582"}],"version-history":[{"count":0,"href":"https:\/\/www.radiopresidenteibanez.cl\/web\/wp-json\/wp\/v2\/posts\/18582\/revisions"}],"wp:featuredmedia":[{"embeddable":true,"href":"https:\/\/www.radiopresidenteibanez.cl\/web\/wp-json\/wp\/v2\/media\/2789"}],"wp:attachment":[{"href":"https:\/\/www.radiopresidenteibanez.cl\/web\/wp-json\/wp\/v2\/media?parent=18582"}],"wp:term":[{"taxonomy":"category","embeddable":true,"href":"https:\/\/www.radiopresidenteibanez.cl\/web\/wp-json\/wp\/v2\/categories?post=18582"},{"taxonomy":"post_tag","embeddable":true,"href":"https:\/\/www.radiopresidenteibanez.cl\/web\/wp-json\/wp\/v2\/tags?post=18582"}],"curies":[{"name":"wp","href":"https:\/\/api.w.org\/{rel}","templated":true}]}}